{"id":17246,"date":"2011-02-28T17:05:10","date_gmt":"2011-02-28T16:05:10","guid":{"rendered":"http:\/\/df-nyt.dk\/?p=17246"},"modified":"2025-07-10T17:28:26","modified_gmt":"2025-07-10T15:28:26","slug":"regeringen-vasker-haender-med-birthe-r%c3%b8nn-hornbech","status":"publish","type":"post","link":"https:\/\/df-nyt.dk\/blog\/regeringen-vasker-haender-med-birthe-r%c3%b8nn-hornbech\/","title":{"rendered":"Regeringen vasker h\u00e6nder med Birthe R\u00f8nn Hornbech"},"content":{"rendered":"<p><img loading=\"lazy\" decoding=\"async\" class=\"alignleft \" title=\"280220111703\" src=\"https:\/\/df-nyt.dk\/\/wp-content\/uploads\/280220111703.png\" alt=\"\" width=\"210\" height=\"192\" \/><\/p>\n<p>Regeringen vasker h\u00e6nder med Birthe R\u00f8nn Hornbech<br \/>\nProblemet hedder regeringen, Venstre, De Konservative og Dansk Folkeparti, ikke blot integrationsminister Birthe R\u00f8nn Hornbech.<br \/>\nFaktisk er Birthe R\u00f8nn Hornbechs rolle ganske lille, set hende i lyset af ti VKO \u00e5r med systematiske kr\u00e6nkelser af flygtninges og udl\u00e6ndinges rettigheder.<\/p>\n<p>Lad os nu bare v\u00e6re \u00e6rlige, det er jo ikke f\u00f8rste gang vi er vidne til at ulovlighederne v\u00e6lter ud af integrationsministeriet. Skriver Margrethe S. Hansen p\u00e5\u00a0 <a href=\"https:\/\/p77.dk:80\/blogs\/shansen\/442-2011-02-28-11-07-14\"><span style=\"text-decoration: underline;\">Netavisen, P77.dk <\/span><\/a> <\/p>\n<p>-Og forts\u00e6tter<br \/>\nOg lad os osse v\u00e6re \u00e6rlige omkring at det slet ikke er noget nyt, at regeringen og Dansk Folkeparti behandler flygtninge, udl\u00e6ndinge og indvandrere uanst\u00e6ndigt og g\u00f8r alverdens fantasifulde lovm\u00e6ssige krumspring for at pakke deres kr\u00e6nkelser af menneskerettigheder ind frem for blot at f\u00f8re en anst\u00e6ndig udl\u00e6ndinge- og asylpolitik, som lever op til teksten af de menneskerettighedskonventioner Danmark har tilsluttet sig.<\/p>\n<p>At der bag nedrullede gardiner i integrationsministeriet flere gange har k\u00f8rt en skjult dagsorden, som kr\u00e6nker flygtninges og statsl\u00f8ses rettigheder, har offentligheden f\u00e5et kendskab til flere gange siden 2001, hvor VKO med Bertel Haarder som integrationsminister gennemf\u00f8rte de f\u00f8rste straminger under mantraet en fast og fair udl\u00e6ndingelov.<\/p>\n<p>Med j\u00e6vne mellemrum har oppositionen r\u00e5bt op om mangel p\u00e5 tillid og om afs\u00e6ttelse af regeringens integrationsminister, n\u00e5r sager om kr\u00e6nkelser af menneskerettigheder eller systematisk vanr\u00f8gt og overgreb p\u00e5 asylans\u00f8gere i Danmark dukkede op i pressen.<\/p>\n<p>B\u00e5de da Bertel Haarder, Rikke Hvilsh\u00f8j og nu Birthe R\u00f8nn Hornbech var integrationsministre kr\u00e6vede oppositionen ministerens afgang.<\/p>\n<p>Lad mig derfor denne gang sk\u00e6re det ud i pap.<br \/>\nS\u00e5 l\u00e6nge oppositionen uden et flertal i ryggen blot r\u00e5ber op om, at den nuv\u00e6rende integrationsminister er skyldig og skal afs\u00e6ttes, forandres intet i selve integrationsministeriet.<\/p>\n<p>Regeringen sammen med Dansk Folkeparti g\u00e5r fri endnu engang uden tage det velfortjente ansvar for de kr\u00e6nkelser af flygtninge og udl\u00e6ndinges rettigheder, som de systematisk har st\u00e5et i spidsen for, siden de fik den politiske magt for mere end ti \u00e5r siden.<\/p>\n<p>Det er ikke den nuv\u00e6rende integrationsminister Birthe R\u00f8nn Hornbech som er problemet, &#8230;Skriver Margrethe S. Hansen p\u00e5  <a href=\"https:\/\/p77.dk:80\/blogs\/shansen\/442-2011-02-28-11-07-14\"><span style=\"text-decoration: underline;\"> Netavisen, P77.dk <\/span><\/a><\/p>\n<p>Reference<br \/>\n<a href=\"https:\/\/p77.dk:80\/blogs\/shansen\/442-2011-02-28-11-07-14\"><span style=\"text-decoration: underline;\">Du kan l\u00e6se mere p\u00e5 Netavisen, P77.dk \/\/p77.dk\/blogs\/shansen<\/span><\/a><br \/>\n&nbsp;<\/p>\n","protected":false},"excerpt":{"rendered":"<p>Regeringen vasker h\u00e6nder med Birthe R\u00f8nn Hornbech Problemet hedder regeringen, Venstre, De Konservative og Dansk Folkeparti, ikke blot integrationsminister Birthe R\u00f8nn Hornbech. Faktisk er Birthe R\u00f8nn Hornbechs rolle ganske lille, set hende i lyset af ti VKO \u00e5r med systematiske kr\u00e6nkelser af flygtninges og udl\u00e6ndinges rettigheder. Lad os nu bare v\u00e6re \u00e6rlige, det er jo [&hellip;]<\/p>\n","protected":false},"author":10,"featured_media":0,"comment_status":"open","ping_status":"closed","sticky":false,"template":"","format":"standard","meta":{"footnotes":""},"categories":[1],"tags":[],"class_list":["post-17246","post","type-post","status-publish","format-standard","hentry","category-df-nyt-dk"],"_links":{"self":[{"href":"https:\/\/df-nyt.dk\/blog\/wp-json\/wp\/v2\/posts\/17246","targetHints":{"allow":["GET"]}}],"collection":[{"href":"https:\/\/df-nyt.dk\/blog\/wp-json\/wp\/v2\/posts"}],"about":[{"href":"https:\/\/df-nyt.dk\/blog\/wp-json\/wp\/v2\/types\/post"}],"author":[{"embeddable":true,"href":"https:\/\/df-nyt.dk\/blog\/wp-json\/wp\/v2\/users\/10"}],"replies":[{"embeddable":true,"href":"https:\/\/df-nyt.dk\/blog\/wp-json\/wp\/v2\/comments?post=17246"}],"version-history":[{"count":3,"href":"https:\/\/df-nyt.dk\/blog\/wp-json\/wp\/v2\/posts\/17246\/revisions"}],"predecessor-version":[{"id":108875,"href":"https:\/\/df-nyt.dk\/blog\/wp-json\/wp\/v2\/posts\/17246\/revisions\/108875"}],"wp:attachment":[{"href":"https:\/\/df-nyt.dk\/blog\/wp-json\/wp\/v2\/media?parent=17246"}],"wp:term":[{"taxonomy":"category","embeddable":true,"href":"https:\/\/df-nyt.dk\/blog\/wp-json\/wp\/v2\/categories?post=17246"},{"taxonomy":"post_tag","embeddable":true,"href":"https:\/\/df-nyt.dk\/blog\/wp-json\/wp\/v2\/tags?post=17246"}],"curies":[{"name":"wp","href":"https:\/\/api.w.org\/{rel}","templated":true}]}}