{"id":17251,"date":"2011-02-28T21:40:44","date_gmt":"2011-02-28T20:40:44","guid":{"rendered":"http:\/\/df-nyt.dk\/?p=17251"},"modified":"2025-07-10T17:24:41","modified_gmt":"2025-07-10T15:24:41","slug":"det-kunne-ligne-en-blondine-vittighed-det-er-det-desvaerre-ikke","status":"publish","type":"post","link":"https:\/\/df-nyt.dk\/blog\/det-kunne-ligne-en-blondine-vittighed-det-er-det-desvaerre-ikke\/","title":{"rendered":"Det kunne ligne en &#8216;blondine-vittighed&#8217; &#8211; Det er det desv\u00e6rre ikke"},"content":{"rendered":"<p>Det kunne ligne en blondine-vittighed \u2013 Det er det desv\u00e6rre ikke<br \/>\nStephanie er f\u00f8dt i Danmark.<br \/>\nHendes familie er Dansk.<br \/>\n<img loading=\"lazy\" decoding=\"async\" src=\"https:\/\/df-nyt.dk\/wp-content\/uploads\/2802201122091.png\" alt=\"\" width=\"258\" height=\"285\" class=\"alignleft size-full \" \/><\/p>\n<p>Stephanie er f\u00f8dt i Viborg Amt i 1986 af sin danske mor Lisbeth og med sin danske far Torkil.<\/p>\n<p>For\u00e6ldrene blev aldrig gift og Stephanies mor fik senere i livet et spansk statsborgerskab da hun som 20-\u00e5rig giftede sig med en spanier.<\/p>\n<p>Derfor mener Udl\u00e6ndingeservice ikke, at den 24-\u00e5rige handelsskolestuderende er dansker.<\/p>\n<p>Det har det f\u00e5et store konsekvenser i hendes voksenliv.<br \/>\nStephanie har dansk personnummer og dansk k\u00f8rekort,<br \/>\nmen kan ikke f\u00e5 et dansk pas,<br \/>\nog hun kan ikke f\u00e5 statsborgerskab i Danmark.<\/p>\n<p>For seks \u00e5r siden fik hun at vide, at hun skulle s\u00f8ge opholdstilladelse i Danmark &#8211;<br \/>\nblandt andet fordi hendes mor er spansk statsborger.<\/p>\n<p>Dette g\u00f8r at Stephanie ikke kan rejse ud af Danmark.<br \/>\nHun kan nemlig ikke f\u00e5 et pas.<\/p>\n<p>N\u00e5r hun henvender sig til den spanske ambassade, f\u00e5r hun af vide, at de intet har p\u00e5 hende,<br \/>\nhun er aldrig blevet registreret i Spanien og har aldrig boet i landet.<\/p>\n<p>Ingen stat, ingen pas.<br \/>\nKan det passe?<\/p>\n<p>Tilsyneladende ja.<br \/>\nStephanie Elleg\u00e5rd Moselund er statsl\u00f8s.<\/p>\n<p>Reference<br \/>\n\/\/facebook.com\/home.php?sk=group_197772093572732<\/p>\n<p>For yderlig l\u00e6sning<\/p>\n<p><a href=\"https:\/\/p77.dk:80\/blogs\/shansen\/442-2011-02-28-11-07-14\"><span style=\"text-decoration: underline\" target=\"_blank\" rel=\"noopener noreferrer\">Netavisen P77.dk \/\/p77.dk\/blogs\/shansen\/Regeringen vasker h\u00e6nder med Birthe R\u00f8nn Hornbech<\/span><\/a><br \/>\n&nbsp;<\/p>\n","protected":false},"excerpt":{"rendered":"<p>Det kunne ligne en blondine-vittighed \u2013 Det er det desv\u00e6rre ikke Stephanie er f\u00f8dt i Danmark. Hendes familie er Dansk. Stephanie er f\u00f8dt i Viborg Amt i 1986 af sin danske mor Lisbeth og med sin danske far Torkil. For\u00e6ldrene blev aldrig gift og Stephanies mor fik senere i livet et spansk statsborgerskab da hun [&hellip;]<\/p>\n","protected":false},"author":10,"featured_media":0,"comment_status":"open","ping_status":"closed","sticky":false,"template":"","format":"standard","meta":{"footnotes":""},"categories":[1],"tags":[],"class_list":["post-17251","post","type-post","status-publish","format-standard","hentry","category-df-nyt-dk"],"_links":{"self":[{"href":"https:\/\/df-nyt.dk\/blog\/wp-json\/wp\/v2\/posts\/17251","targetHints":{"allow":["GET"]}}],"collection":[{"href":"https:\/\/df-nyt.dk\/blog\/wp-json\/wp\/v2\/posts"}],"about":[{"href":"https:\/\/df-nyt.dk\/blog\/wp-json\/wp\/v2\/types\/post"}],"author":[{"embeddable":true,"href":"https:\/\/df-nyt.dk\/blog\/wp-json\/wp\/v2\/users\/10"}],"replies":[{"embeddable":true,"href":"https:\/\/df-nyt.dk\/blog\/wp-json\/wp\/v2\/comments?post=17251"}],"version-history":[{"count":7,"href":"https:\/\/df-nyt.dk\/blog\/wp-json\/wp\/v2\/posts\/17251\/revisions"}],"predecessor-version":[{"id":108874,"href":"https:\/\/df-nyt.dk\/blog\/wp-json\/wp\/v2\/posts\/17251\/revisions\/108874"}],"wp:attachment":[{"href":"https:\/\/df-nyt.dk\/blog\/wp-json\/wp\/v2\/media?parent=17251"}],"wp:term":[{"taxonomy":"category","embeddable":true,"href":"https:\/\/df-nyt.dk\/blog\/wp-json\/wp\/v2\/categories?post=17251"},{"taxonomy":"post_tag","embeddable":true,"href":"https:\/\/df-nyt.dk\/blog\/wp-json\/wp\/v2\/tags?post=17251"}],"curies":[{"name":"wp","href":"https:\/\/api.w.org\/{rel}","templated":true}]}}