{"id":17274,"date":"2011-03-01T10:43:25","date_gmt":"2011-03-01T09:43:25","guid":{"rendered":"http:\/\/df-nyt.dk\/?p=17274"},"modified":"2025-07-07T09:21:19","modified_gmt":"2025-07-07T07:21:19","slug":"sf-invaliderede-veteraner-lades-i-stikken","status":"publish","type":"post","link":"https:\/\/df-nyt.dk\/blog\/sf-invaliderede-veteraner-lades-i-stikken\/","title":{"rendered":"SF: Invaliderede veteraner lades i stikken"},"content":{"rendered":"<p><img loading=\"lazy\" decoding=\"async\" class=\"alignleft size-full \" title=\"010320111041\" src=\"http:\/\/df-nyt.dk\/\/wp-content\/uploads\/010320111041.png\" alt=\"\" width=\"276\" height=\"208\" \/>SF: Invaliderede veteraner lades i stikken<br \/>\nRegeringen har fors\u00f8mt at give kommunerne den forn\u00f8dne viden<\/p>\n<p>&#8211; Det er st\u00e6rkt besk\u00e6mmende, at invaliderede veteraner skal v\u00e6re ofre for regeringens langsommelighed. Skriver SF i sin pressemeddelelse <\/p>\n<p>\u2013 og fors\u00e6tter<br \/>\nKonsekvensen er, at kommuner rundt i landet ikke har den forn\u00f8dne viden til at hj\u00e6lpe veteranerne, og de derfor bliver behandlet forskelligt, siger Pernille Frahm, SF\u2019s ordf\u00f8rer for veteranpolitik.<\/p>\n<p>Som forligspartner i forsvarsforliget er SF med til at sikre 8 mio. kr. til veteranomr\u00e5det over de n\u00e6ste fire \u00e5r, men allerede i 2010 foreslog SF at at oprette en central veteranenhed, der med erfaringer og viden kan st\u00f8tte den enkelte kommunale sagsbehandler.<\/p>\n<p>Det kr\u00e6ver en s\u00e6rlig indsigt i veteraners situation, f\u00f8r ordentlig hj\u00e6lp og vejledning kan gives.<\/p>\n<p>Hermed f\u00e5r kommuner efter behov mulighed for at sende sagsbehand\u00aclere p\u00e5 efteruddannelse i problematikker omkring hjemvendte soldater hos den centrale veteranenheds specialister.<\/p>\n<p>&#8211; Hver syvende hjemvendte soldat er i farezonen for at udvikle psykiske m\u00e9n efter udsendelse.<\/p>\n<p>Det handler ikke om partipolitik, men om at tage ansvar over for de soldater, vi som land sender i krig.<\/p>\n<p>Derfor har jeg opfordret forsvarsministeren til omg\u00e5ende at tage handling; veteranerne kan ikke vente, siger Pernille Frahm. If\u00f8lge en pressemeddelelsen fra SF<\/p>\n<p>For yderlig l\u00e6sning.<\/p>\n<p><a href=\"http:\/\/www.sf.dk\"><span style=\"text-decoration: underline;\">\/\/.sf.dk\/seneste-nyt<\/span><\/a><br \/>\n&nbsp;<br \/>\n<a href=\"https:\/\/www.greens-efa.eu\/\"><span style=\"text-decoration: underline;\">Se den Gr\u00f8nne gruppe i parlamentet der<\/span><\/a><br \/>\n&nbsp;<\/p>\n","protected":false},"excerpt":{"rendered":"<p>SF: Invaliderede veteraner lades i stikken Regeringen har fors\u00f8mt at give kommunerne den forn\u00f8dne viden &#8211; Det er st\u00e6rkt besk\u00e6mmende, at invaliderede veteraner skal v\u00e6re ofre for regeringens langsommelighed. Skriver SF i sin pressemeddelelse \u2013 og fors\u00e6tter Konsekvensen er, at kommuner rundt i landet ikke har den forn\u00f8dne viden til at hj\u00e6lpe veteranerne, og de [&hellip;]<\/p>\n","protected":false},"author":10,"featured_media":0,"comment_status":"open","ping_status":"closed","sticky":false,"template":"","format":"standard","meta":{"footnotes":""},"categories":[1],"tags":[],"class_list":["post-17274","post","type-post","status-publish","format-standard","hentry","category-df-nyt-dk"],"_links":{"self":[{"href":"https:\/\/df-nyt.dk\/blog\/wp-json\/wp\/v2\/posts\/17274","targetHints":{"allow":["GET"]}}],"collection":[{"href":"https:\/\/df-nyt.dk\/blog\/wp-json\/wp\/v2\/posts"}],"about":[{"href":"https:\/\/df-nyt.dk\/blog\/wp-json\/wp\/v2\/types\/post"}],"author":[{"embeddable":true,"href":"https:\/\/df-nyt.dk\/blog\/wp-json\/wp\/v2\/users\/10"}],"replies":[{"embeddable":true,"href":"https:\/\/df-nyt.dk\/blog\/wp-json\/wp\/v2\/comments?post=17274"}],"version-history":[{"count":5,"href":"https:\/\/df-nyt.dk\/blog\/wp-json\/wp\/v2\/posts\/17274\/revisions"}],"predecessor-version":[{"id":108691,"href":"https:\/\/df-nyt.dk\/blog\/wp-json\/wp\/v2\/posts\/17274\/revisions\/108691"}],"wp:attachment":[{"href":"https:\/\/df-nyt.dk\/blog\/wp-json\/wp\/v2\/media?parent=17274"}],"wp:term":[{"taxonomy":"category","embeddable":true,"href":"https:\/\/df-nyt.dk\/blog\/wp-json\/wp\/v2\/categories?post=17274"},{"taxonomy":"post_tag","embeddable":true,"href":"https:\/\/df-nyt.dk\/blog\/wp-json\/wp\/v2\/tags?post=17274"}],"curies":[{"name":"wp","href":"https:\/\/api.w.org\/{rel}","templated":true}]}}