{"id":17277,"date":"2011-03-01T11:09:07","date_gmt":"2011-03-01T10:09:07","guid":{"rendered":"http:\/\/df-nyt.dk\/?p=17277"},"modified":"2024-10-28T16:25:08","modified_gmt":"2024-10-28T15:25:08","slug":"diors-chefdesigner-anholdt-for-antisemitisme","status":"publish","type":"post","link":"https:\/\/df-nyt.dk\/blog\/diors-chefdesigner-anholdt-for-antisemitisme\/","title":{"rendered":"Diors chefdesigner anholdt for antisemitisme"},"content":{"rendered":"<p><img loading=\"lazy\" decoding=\"async\" class=\"alignleft \" title=\"010320111103\" src=\"https:\/\/df-nyt.dk\/\/wp-content\/uploads\/010320111103.png\" alt=\"\" width=\"307\" height=\"199\" \/><\/p>\n<p>Det verdensber\u00f8mte franske modehus Christian Diors chefdesigner siden 1996 John Galliano blev i fredags anholdt i Paris og anklaget for antisemitisme.<\/p>\n<p>I dag er han sat p\u00e5 fri fod men politiet fastholder sigtelserne og har sat en unders\u00f8gelse i gang.<\/p>\n<p>Anholdelsen Diors chefdesigner John Galliano skete p\u00e5 baggrund af en filmet episode i en vinbar i Maris distriket i Paris.<\/p>\n<p>Maris distriket er kendt som hjem for mange af Paris j\u00f8der.<\/p>\n<p>I videoen kan man se og h\u00f8re en godt beruset John Galliano angribe et par med antisemitiske bem\u00e6rkninger som &#8220;Hvis i levede den gang ville i v\u00e6re blevet gasset&#8221; &#8220;Nej jeg er ikke blond men jeg elsker Hitler&#8221;<\/p>\n<p>Flere vidner som befandt sig p\u00e5 vinbaren samtidigt med John Galliano, har efterf\u00f8lgende fortalt til pressen at John Galliano banede st\u00e6rkt og anvendte flere antij\u00f8diske forn\u00e6rmelser i sit angreb p\u00e5 parret. Skriver Margrethe S. Hansen p\u00e5  <a href=\"http:\/\/p77.dk\/radikalisering\/internationalt\/443-diors-chefdesigner-anholdt-for-antisemitisme\"><span style=\"text-decoration: underline;\"> NetAvisen P77.dk <\/span><\/a><\/p>\n<p><a href=\"http:\/\/p77.dk\/radikalisering\/internationalt\/443-diors-chefdesigner-anholdt-for-antisemitisme\"><span style=\"text-decoration: underline;\">Du kan l\u00e6se mere&#8230; p\u00e5 Netavisen, P77.dk \/\/p77.dk\/radikalisering<\/span><\/a><\/p>\n<hr \/>\n<p>Christian Dior har i\u00f8vrigt fyret John Galliano, i k\u00f8lvandet p\u00e5 hans antisemitiske optr\u00e6den i caf\u00e9en, med \u00f8jeblikkelig virkning.<\/p>\n<p>Dior j\u00f8diske administrerende direkt\u00f8r Sidney Toledano har beskrevet hr. Galliano&#8217;s adf\u00e6rd som &#8220;odi\u00f8s&#8221;.<\/p>\n<p>I en erkl\u00e6ring, sagde han: &#8220;Jeg ford\u00f8mmer p\u00e5 det st\u00e6rkeste de erkl\u00e6ringer, af John Galliano, som er total modstrid med de grundl\u00e6ggende v\u00e6rdier, der altid har v\u00e6ret forsvaret af House of Christian Dior.&#8221; Kilde: Jewish_Chronicle_ONLINE<\/p>\n<p>Reference<br \/>\n<a href=\"http:\/\/p77.dk\/radikalisering\/internationalt\/443-diors-chefdesigner-anholdt-for-antisemitisme\" rel=\"noopener noreferrer\" target=\"_blank\"><u>Netmagasinet, P77.dk \/\/p77.dk\/radikalisering\/internationalt\/diors-chefdesigner-anholdt-for-antisemitisme<\/u><\/a><br \/>\nHjemmesiden \/\/thejc.com\/news\/world-news\/45949\/john-galliano-sacked-christian-dior\/Jewish_Chronicle_ONLINE<\/p>\n<p>For yderlig l\u00e6sning<\/p>\n<p><a href=\"https:\/\/df-nyt.dk\/?p=17193\"><span style=\"text-decoration: underline;\">Religi\u00f8se ledere finder f\u00e6lles fodslag<\/span><\/a><br \/>\n&nbsp;<br \/>\n<a href=\"https:\/\/df-nyt.dk\/bertel-haarder-det-er-laerernes-skyld\/\"><span style=\"text-decoration: underline;\">Rachel Adelberg Johansen er du en kylling?<\/span><\/a><br \/>\n&nbsp;<br \/>\n<a href=\"https:\/\/df-nyt.dk\/?p=17132\"><span style=\"text-decoration: underline;\">SIOA er en Hate Group og p\u00e5 samme liste som Ku Klux Klan<\/span><\/a><br \/>\n&nbsp;<\/p>\n","protected":false},"excerpt":{"rendered":"<p>Det verdensber\u00f8mte franske modehus Christian Diors chefdesigner siden 1996 John Galliano blev i fredags anholdt i Paris og anklaget for antisemitisme. I dag er han sat p\u00e5 fri fod men politiet fastholder sigtelserne og har sat en unders\u00f8gelse i gang. Anholdelsen Diors chefdesigner John Galliano skete p\u00e5 baggrund af en filmet episode i en vinbar [&hellip;]<\/p>\n","protected":false},"author":10,"featured_media":0,"comment_status":"open","ping_status":"closed","sticky":false,"template":"","format":"standard","meta":{"footnotes":""},"categories":[1],"tags":[],"class_list":["post-17277","post","type-post","status-publish","format-standard","hentry","category-df-nyt-dk"],"_links":{"self":[{"href":"https:\/\/df-nyt.dk\/blog\/wp-json\/wp\/v2\/posts\/17277","targetHints":{"allow":["GET"]}}],"collection":[{"href":"https:\/\/df-nyt.dk\/blog\/wp-json\/wp\/v2\/posts"}],"about":[{"href":"https:\/\/df-nyt.dk\/blog\/wp-json\/wp\/v2\/types\/post"}],"author":[{"embeddable":true,"href":"https:\/\/df-nyt.dk\/blog\/wp-json\/wp\/v2\/users\/10"}],"replies":[{"embeddable":true,"href":"https:\/\/df-nyt.dk\/blog\/wp-json\/wp\/v2\/comments?post=17277"}],"version-history":[{"count":3,"href":"https:\/\/df-nyt.dk\/blog\/wp-json\/wp\/v2\/posts\/17277\/revisions"}],"predecessor-version":[{"id":106172,"href":"https:\/\/df-nyt.dk\/blog\/wp-json\/wp\/v2\/posts\/17277\/revisions\/106172"}],"wp:attachment":[{"href":"https:\/\/df-nyt.dk\/blog\/wp-json\/wp\/v2\/media?parent=17277"}],"wp:term":[{"taxonomy":"category","embeddable":true,"href":"https:\/\/df-nyt.dk\/blog\/wp-json\/wp\/v2\/categories?post=17277"},{"taxonomy":"post_tag","embeddable":true,"href":"https:\/\/df-nyt.dk\/blog\/wp-json\/wp\/v2\/tags?post=17277"}],"curies":[{"name":"wp","href":"https:\/\/api.w.org\/{rel}","templated":true}]}}