{"id":17359,"date":"2011-03-02T17:08:52","date_gmt":"2011-03-02T16:08:52","guid":{"rendered":"http:\/\/df-nyt.dk\/?p=17359"},"modified":"2024-01-30T13:20:52","modified_gmt":"2024-01-30T12:20:52","slug":"sverige-racister-angreb-asylcenter-efter-falske-internetrygter-om-gruppevoldtaegt","status":"publish","type":"post","link":"https:\/\/df-nyt.dk\/blog\/sverige-racister-angreb-asylcenter-efter-falske-internetrygter-om-gruppevoldtaegt\/","title":{"rendered":"Sverige: Racister angreb asylcenter efter falske internetrygter om gruppevoldt\u00e6gt"},"content":{"rendered":"<p><img loading=\"lazy\" decoding=\"async\" class=\"alignleft \" title=\"020320111701\" src=\"https:\/\/df-nyt.dk\/\/wp-content\/uploads\/020320111701.png\" alt=\"\" width=\"229\" height=\"199\" \/><br \/>\nEt svensk asylcenter for uledsagede flygtningeb\u00f8rn blev l\u00f8rdag angrebet af 30 h\u00f8jreekstremister. Skriver Margrethe S. Hansen p\u00e5 <a href=\"http:\/\/p77.dk\/samfund-mennesker\/samfund\/444-sverige-racister-angreb-asylcenter-efter-falske-internetrygter-om-gruppevoldtaegt-\"><span style=\"text-decoration: underline;\">NetAvisen P77.dk<\/span><\/a><\/p>\n<p>-Og forts\u00e6tter<br \/>\nSvensk politi anklager h\u00f8jrenationale blogs p\u00e5 internettet for at have spredt falske rygter om gruppevoldt\u00e6gt af en 11-\u00e5rig svensk pige og p\u00e5 den m\u00e5de opildnet til angreb p\u00e5 asylcentret.<\/p>\n<p>Svenske og danske h\u00f8jrenationale blogs som blandt andet uriasposten.net har de sidste par dage skrevet historier om en svensk 11-\u00e5rig pige, som de sagde var udsat for en fuldbyrdet gruppevoldt\u00e6gt af 20 teenageflygtninge i en sv\u00f8mmehal i Sverige.<\/p>\n<p>Den gruopv\u00e6kkende historie fik i l\u00f8rdags omkring 30 svenske h\u00f8jreekstremister til at angribe et asylcenter for uledsagede flygtningeb\u00f8rn som h\u00e6vn for voldt\u00e6gten i byen Solna nord for Stockholm.<\/p>\n<p>If\u00f8lge h\u00f8jreekstremisterne skulle asylcentret i Solna v\u00e6re hjem for de 20 teenagedrenge som deltog i gruppevoldt\u00e6gten af den svenske pige.<\/p>\n<p>Under angrebet kastede h\u00f8jreekstremisterne med \u00e6g mod asylcentret og r\u00e5bte racistiske slagord som \u00bbsvartskaller\u00ab og \u00bbskrid hjem flygtninge\u00ab.<\/p>\n<p>Svensk politi: Beskrivelserne p\u00e5 internettet falske<br \/>\nDet svenske politi har i dag udtalt til den svenske avis Aftonbladet, som har d\u00e6kket sagen og i f\u00f8rste omgang skrevet at&#8230;Skriver Margrethe S. Hansen p\u00e5  <a href=\"http:\/\/p77.dk\/samfund-mennesker\/samfund\/444-sverige-racister-angreb-asylcenter-efter-falske-internetrygter-om-gruppevoldtaegt-\"> <span style=\"text-decoration: underline;\">Netmediet\/\/p77.dk\/samfund-mennesker\/samfund<\/span><\/a><\/p>\n<p>Reference<br \/>\n<a href=\"http:\/\/p77.dk\/samfund-mennesker\/samfund\/444-sverige-racister-angreb-asylcenter-efter-falske-internetrygter-om-gruppevoldtaegt-\"><span style=\"text-decoration: underline;\">\/\/p77.dk\/samfund-mennesker\/samfund\/sverige-racister-angreb-asylcenter-efter-falske-internetrygter-om-gruppevoldtaegt<\/span><\/a><\/p>\n<p>For yderlig l\u00e6sning<\/p>\n<p><a href=\"https:\/\/df-nyt.dk\/historien-om-de-farlige-magiske-halalstraaler\/\"><span style=\"text-decoration: underline;\">Historien om de farlige magiske halalstr\u00e5ler <\/span><\/a><br \/>\n&nbsp;<\/p>\n","protected":false},"excerpt":{"rendered":"<p>Et svensk asylcenter for uledsagede flygtningeb\u00f8rn blev l\u00f8rdag angrebet af 30 h\u00f8jreekstremister. Skriver Margrethe S. Hansen p\u00e5 NetAvisen P77.dk -Og forts\u00e6tter Svensk politi anklager h\u00f8jrenationale blogs p\u00e5 internettet for at have spredt falske rygter om gruppevoldt\u00e6gt af en 11-\u00e5rig svensk pige og p\u00e5 den m\u00e5de opildnet til angreb p\u00e5 asylcentret. Svenske og danske h\u00f8jrenationale blogs [&hellip;]<\/p>\n","protected":false},"author":10,"featured_media":0,"comment_status":"open","ping_status":"closed","sticky":false,"template":"","format":"standard","meta":{"footnotes":""},"categories":[1],"tags":[],"class_list":["post-17359","post","type-post","status-publish","format-standard","hentry","category-df-nyt-dk"],"_links":{"self":[{"href":"https:\/\/df-nyt.dk\/blog\/wp-json\/wp\/v2\/posts\/17359","targetHints":{"allow":["GET"]}}],"collection":[{"href":"https:\/\/df-nyt.dk\/blog\/wp-json\/wp\/v2\/posts"}],"about":[{"href":"https:\/\/df-nyt.dk\/blog\/wp-json\/wp\/v2\/types\/post"}],"author":[{"embeddable":true,"href":"https:\/\/df-nyt.dk\/blog\/wp-json\/wp\/v2\/users\/10"}],"replies":[{"embeddable":true,"href":"https:\/\/df-nyt.dk\/blog\/wp-json\/wp\/v2\/comments?post=17359"}],"version-history":[{"count":2,"href":"https:\/\/df-nyt.dk\/blog\/wp-json\/wp\/v2\/posts\/17359\/revisions"}],"predecessor-version":[{"id":101886,"href":"https:\/\/df-nyt.dk\/blog\/wp-json\/wp\/v2\/posts\/17359\/revisions\/101886"}],"wp:attachment":[{"href":"https:\/\/df-nyt.dk\/blog\/wp-json\/wp\/v2\/media?parent=17359"}],"wp:term":[{"taxonomy":"category","embeddable":true,"href":"https:\/\/df-nyt.dk\/blog\/wp-json\/wp\/v2\/categories?post=17359"},{"taxonomy":"post_tag","embeddable":true,"href":"https:\/\/df-nyt.dk\/blog\/wp-json\/wp\/v2\/tags?post=17359"}],"curies":[{"name":"wp","href":"https:\/\/api.w.org\/{rel}","templated":true}]}}