{"id":17434,"date":"2011-03-04T17:21:21","date_gmt":"2011-03-04T16:21:21","guid":{"rendered":"http:\/\/df-nyt.dk\/?p=17434"},"modified":"2011-03-04T17:21:21","modified_gmt":"2011-03-04T16:21:21","slug":"giv-drengen-et-kram-fremfor-at-saette-ham-tre-ar-i-faengsel","status":"publish","type":"post","link":"https:\/\/df-nyt.dk\/blog\/giv-drengen-et-kram-fremfor-at-saette-ham-tre-ar-i-faengsel\/","title":{"rendered":"Giv drengen et kram fremfor at s\u00e6tte ham tre \u00e5r i f\u00e6ngsel"},"content":{"rendered":"<p><a href=\"https:\/\/df-nyt.dk\/blog\/wp-content\/uploads\/040320111710.png\"><img loading=\"lazy\" decoding=\"async\" class=\"alignleft size-full wp-image-17435\" title=\"040320111710\" src=\"https:\/\/df-nyt.dk\/blog\/wp-content\/uploads\/040320111710.png\" alt=\"\" width=\"248\" height=\"171\" \/><\/a><\/p>\n<p>En 15-\u00e5rig autistisk dreng risikerer nu tre \u00e5rs f\u00e6ngsel for at have spraymalet et dansk fortidsminde.<\/p>\n<p>Det er helt forkert.<\/p>\n<p>Han burde tilgives og f\u00e5 et stort kram.<\/p>\n<p>Den kendte Jellingsten blev rejst omkring \u00e5r 965 af Harald Bl\u00e5tand som et symbol p\u00e5, at Danmark var blevet kristent.<\/p>\n<p>Jellingstenen kaldes derfor ogs\u00e5 for Danmarks d\u00e5bsattest.<\/p>\n<p>Hele balladen omkring sprayningen af et gr\u00f8nt ord nemlig Gelwane p\u00e5 stenen, har v\u00e6ret et stort, h\u00f8jtr\u00e5bende, nationalistisk hysteri.<\/p>\n<p>P\u00e6nt mange har i fuld alvor skrevet, at det kun kunne v\u00e6re en fanatisk islamistisk muslim der stod bag, og at motivet skulle v\u00e6re et \u00f8nske om at h\u00e5ne Danmark.<\/p>\n<p>Jagten p\u00e5 den islamistiske gerrningsmand, foregik p\u00e5 et tidspunkt via flere offentlige toiletter i byer t\u00e6t p\u00e5 Jellingstenen.<\/p>\n<p>H\u00f8jdepunktet for den nationalistiske horde, kom da et par h\u00f8jrenationale blogs kunne fremvise fotos fra et offentligt toilet, hvor der p\u00e5 v\u00e6ggen kunne l\u00e6ses  ordet P.E.R.K.E.R. og Gelwane, skrevet med store gr\u00f8nne bogstaver.<\/p>\n<p>Afsl\u00f8ringen af at gerrningsmanden sikkert ogs\u00e5 stod bag sprayningen af et offentligt toilet og endda skrev P.E.R.K.E.R.  fik selveste Dansk Folkeparti p\u00e5 banen.<\/p>\n<p>Og tonen sk\u00e6rpet rundt om.<\/p>\n<p>Nu skulle alt s\u00e6ttes ind for at fange gerningsmanden, og hvis det viste det at han var udl\u00e6nding, s\u00e5 var det ud af landet med ham.<\/p>\n<p>Dog skulle han f\u00f8rst d\u00f8mmes h\u00e5rdt for at have angrebet Danmarks d\u00e5bsattest.<\/p>\n<p>Men desv\u00e6rre for de ophidsede f\u00e6drelandsk\u00e6rlige fanatikere endte jagten p\u00e5 ophavsmanden til Gelwane i Jelling, da politiet anholdte en kun 15-\u00e5rig autistisk dreng &#8230;<\/p>\n<p>Skriver Margrethe S. Hansen p\u00e5 <span style=\"text-decoration: underline;\"><strong><a href=\"http:\/\/www.p77.dk\/samfund-mennesker\/mennesker\/451-giv-drengen-et-kram-fremfor-at-saette-ham-tre-ar-i-faengsel\">NetAvisen P77 <\/a><\/strong><\/span><\/p>\n<p><strong>Du kan l\u00e6se mere ..<span style=\"text-decoration: underline;\">.<\/span><a href=\"http:\/\/www.p77.dk\/samfund-mennesker\/mennesker\/451-giv-drengen-et-kram-fremfor-at-saette-ham-tre-ar-i-faengsel\">HER <\/a><\/strong><\/p>\n<p><strong>L\u00e6s ogs\u00e5:<\/strong><\/p>\n<p><a href=\"http:\/\/df-nyt.dk\/?p=17413\"><strong>Et studie i afstumpet had, en chokerende anti-muslimsk hade-Video <\/strong><\/a><\/p>\n<p><strong><a href=\"http:\/\/df-nyt.dk\/?p=17413\">SIOA er en Hate Group og p\u00e5 samme liste som Ku Klux Klan <\/a><\/strong><\/p>\n<p><strong>********************************************************************************** <\/strong><\/p>\n","protected":false},"excerpt":{"rendered":"<p>En 15-\u00e5rig autistisk dreng risikerer nu tre \u00e5rs f\u00e6ngsel for at have spraymalet et dansk fortidsminde. Det er helt forkert. Han burde tilgives og f\u00e5 et stort kram. Den kendte Jellingsten blev rejst omkring \u00e5r 965 af Harald Bl\u00e5tand som et symbol p\u00e5, at Danmark var blevet kristent. Jellingstenen kaldes derfor ogs\u00e5 for Danmarks d\u00e5bsattest. [&hellip;]<\/p>\n","protected":false},"author":10,"featured_media":0,"comment_status":"open","ping_status":"closed","sticky":false,"template":"","format":"standard","meta":{"footnotes":""},"categories":[1],"tags":[],"class_list":["post-17434","post","type-post","status-publish","format-standard","hentry","category-df-nyt-dk"],"_links":{"self":[{"href":"https:\/\/df-nyt.dk\/blog\/wp-json\/wp\/v2\/posts\/17434","targetHints":{"allow":["GET"]}}],"collection":[{"href":"https:\/\/df-nyt.dk\/blog\/wp-json\/wp\/v2\/posts"}],"about":[{"href":"https:\/\/df-nyt.dk\/blog\/wp-json\/wp\/v2\/types\/post"}],"author":[{"embeddable":true,"href":"https:\/\/df-nyt.dk\/blog\/wp-json\/wp\/v2\/users\/10"}],"replies":[{"embeddable":true,"href":"https:\/\/df-nyt.dk\/blog\/wp-json\/wp\/v2\/comments?post=17434"}],"version-history":[{"count":0,"href":"https:\/\/df-nyt.dk\/blog\/wp-json\/wp\/v2\/posts\/17434\/revisions"}],"wp:attachment":[{"href":"https:\/\/df-nyt.dk\/blog\/wp-json\/wp\/v2\/media?parent=17434"}],"wp:term":[{"taxonomy":"category","embeddable":true,"href":"https:\/\/df-nyt.dk\/blog\/wp-json\/wp\/v2\/categories?post=17434"},{"taxonomy":"post_tag","embeddable":true,"href":"https:\/\/df-nyt.dk\/blog\/wp-json\/wp\/v2\/tags?post=17434"}],"curies":[{"name":"wp","href":"https:\/\/api.w.org\/{rel}","templated":true}]}}