{"id":17459,"date":"2011-03-05T19:40:33","date_gmt":"2011-03-05T18:40:33","guid":{"rendered":"http:\/\/df-nyt.dk\/?p=17459"},"modified":"2025-07-10T14:57:55","modified_gmt":"2025-07-10T12:57:55","slug":"hakon-nielsen-her-ma-vores-soldater-ikke-spise-svinek%c3%b8d","status":"publish","type":"post","link":"https:\/\/df-nyt.dk\/blog\/hakon-nielsen-her-ma-vores-soldater-ikke-spise-svinek%c3%b8d\/","title":{"rendered":"Hakon Nielsen: &#8216;Her m\u00e5 vores Soldater ikke spise Svinek\u00f8d&#8217;"},"content":{"rendered":"<p>Jeg n\u00e6gter at tro, &#8211; at det er muligt at oprette et parti for landsbytosser.<\/p>\n<p>Min fornuft er uenig med mig.<br \/>\nHvad syntes du?<\/p>\n<p>&#8216;Svinek\u00f8d er ikke bevidst fravalgt<br \/>\n&#8211; Det er rigtig, at den varme mad i de nye feltrationer ikke indeholder svinek\u00f8d, siger projektleder Teit J\u00f8rgensen, Forsvarets materieltjeneste.<\/p>\n<p>\u2013 Men vi har ikke bevidst fravalgt svinek\u00f8d. Han forklarer, at leverand\u00f8ren af feltrationerne er fundet gennem EU-udbud. Ved EU udbud er der en del regler, der skal overholdes. For eksempel m\u00e5 forsvaret ikke kontakte andre leverand\u00f8rer, n\u00e5r udbuddet er i gang, selv om ingen af de retter, de fik til pr\u00f8vesmagning, indeholdt svinek\u00f8d.<\/p>\n<p>&#8211; \u00c5rsagen til det er m\u00e5ske, at leverand\u00f8rerne er store firmaer, der leverer til hele verden, g\u00e6tter Teit J\u00f8rgensen.<\/p>\n<p>&#8211; Vi har egentlig heller ikke t\u00e6nkt over, at der ikke var svinek\u00f8d i retterne.<\/p>\n<p>Men var planen ikke, at feltrationerne skulle smage \u201ddansk\u201d? Det er jo det, vores medlemmer har forventet, efter de sidste \u00e5r kunne l\u00e6se p\u00e5 forsvaret.dk, at der ville blive lagt v\u00e6gt p\u00e5 det \u2013 og grisek\u00f8d er jo meget dansk.<br \/>\n<img loading=\"lazy\" decoding=\"async\" class=\" alignleft\" title=\"050320112123\" src=\"http:\/\/df-nyt.dk\/\/wp-content\/uploads\/050320112123.png\" alt=\"\" width=\"140\" height=\"108\" \/><\/p>\n<p>&#8211; Det, vi mener, er, at hvis for eksempel et firma fra Polen ville servere elefantsnabel, s\u00e5 er det ikke sikkert, at danskere kan lide det.<\/p>\n<p>Og n\u00e5r retterne skal tilpasses danske forhold, mener vi f\u00f8rst og fremmest, at krydderierne skal tilpasses.<\/p>\n<p>Nej, der er ikke svinek\u00f8d i de varme retter, men der er b\u00e5de fisk, oksek\u00f8d og lam samt vegetarretter, siger Teit J\u00f8rgensen, og han pointerer, at der i de kolde feltrationer for eksempel er leverpostej.<\/p>\n<p>&#8211; Og s\u00e5 er det i \u00f8vrigt et panel af tidligere udsendte soldater, der har pr\u00f8vesmagt og valgt hvilke retter, der skulle indg\u00e5 i sortimentet, fastsl\u00e5r Teit J\u00f8rgensen.&#8217; Kilde: Centralforeningen for Stampersonel<br \/>\n\/\/www.cs.dk:80\/nyt\/nyhed\/artikel\/-1b1b116d9f\/&#8221;<\/p>\n<p><img loading=\"lazy\" decoding=\"async\" class=\"size-full alignnone\" title=\"050320111904\" src=\"https:\/\/df-nyt.dk\/blog\/wp-content\/uploads\/050320111904.png\" alt=\"\" width=\"452\" height=\"524\" \/><br \/>\nBilledet er et screenshots fra Hakon Nielsens <a href=\"http:\/\/www.facebook.com\/hakon.nielsen#!\/hakon.nielsen?sk=wall\">offentlige FaceBook-profil<\/a><\/p>\n<p>For yderlig l\u00e6sning.<\/p>\n<p><a href=\"http:\/\/df-nyt.dk\/hakon-nielsen-jeg-forstar-marlene-harpsaee\/\" target=\"_blank\" rel=\"noopener noreferrer\"><span style=\"text-decoration: underline;\">Hakon Nielsen: \u2018Jeg forst\u00e5r Marlene Harps\u00f8e\u2019<\/span><\/a><\/p>\n<p><span style=\"text-decoration: underline;\"><a href=\"http:\/\/df-nyt.dk\/?p=10160\" target=\"_blank\" rel=\"noopener noreferrer\"><span style=\"text-decoration: underline;\">Kandidat til Kommunevalget for Dansk Folkeparti Hakon Leo Nielsen \u2026<\/span><\/a><\/span><\/p>\n<p><a href=\"http:\/\/df-nyt.dk\/poul-erik-andersen-de-bliver-fraekkere-og-fraekkere-de-der-palaestinensere\/\" target=\"_blank\" rel=\"noopener noreferrer\"><span style=\"text-decoration: underline;\">Poul Erik Andersen: \u2018De bliver fr\u00e6kkere og fr\u00e6kkere, de der pal\u00e6stinensere! \u2026<\/span><\/a><br \/>\n&nbsp;<\/p>\n","protected":false},"excerpt":{"rendered":"<p>Jeg n\u00e6gter at tro, &#8211; at det er muligt at oprette et parti for landsbytosser. Min fornuft er uenig med mig. Hvad syntes du? &#8216;Svinek\u00f8d er ikke bevidst fravalgt &#8211; Det er rigtig, at den varme mad i de nye feltrationer ikke indeholder svinek\u00f8d, siger projektleder Teit J\u00f8rgensen, Forsvarets materieltjeneste. \u2013 Men vi har ikke [&hellip;]<\/p>\n","protected":false},"author":10,"featured_media":0,"comment_status":"open","ping_status":"closed","sticky":false,"template":"","format":"standard","meta":{"footnotes":""},"categories":[1],"tags":[],"class_list":["post-17459","post","type-post","status-publish","format-standard","hentry","category-df-nyt-dk"],"_links":{"self":[{"href":"https:\/\/df-nyt.dk\/blog\/wp-json\/wp\/v2\/posts\/17459","targetHints":{"allow":["GET"]}}],"collection":[{"href":"https:\/\/df-nyt.dk\/blog\/wp-json\/wp\/v2\/posts"}],"about":[{"href":"https:\/\/df-nyt.dk\/blog\/wp-json\/wp\/v2\/types\/post"}],"author":[{"embeddable":true,"href":"https:\/\/df-nyt.dk\/blog\/wp-json\/wp\/v2\/users\/10"}],"replies":[{"embeddable":true,"href":"https:\/\/df-nyt.dk\/blog\/wp-json\/wp\/v2\/comments?post=17459"}],"version-history":[{"count":4,"href":"https:\/\/df-nyt.dk\/blog\/wp-json\/wp\/v2\/posts\/17459\/revisions"}],"predecessor-version":[{"id":108856,"href":"https:\/\/df-nyt.dk\/blog\/wp-json\/wp\/v2\/posts\/17459\/revisions\/108856"}],"wp:attachment":[{"href":"https:\/\/df-nyt.dk\/blog\/wp-json\/wp\/v2\/media?parent=17459"}],"wp:term":[{"taxonomy":"category","embeddable":true,"href":"https:\/\/df-nyt.dk\/blog\/wp-json\/wp\/v2\/categories?post=17459"},{"taxonomy":"post_tag","embeddable":true,"href":"https:\/\/df-nyt.dk\/blog\/wp-json\/wp\/v2\/tags?post=17459"}],"curies":[{"name":"wp","href":"https:\/\/api.w.org\/{rel}","templated":true}]}}