{"id":17501,"date":"2011-03-07T08:27:46","date_gmt":"2011-03-07T07:27:46","guid":{"rendered":"http:\/\/df-nyt.dk\/?p=17501"},"modified":"2018-09-13T19:58:08","modified_gmt":"2018-09-13T17:58:08","slug":"dansk-folkepartis-martin-henriksen-har-det-svaert-for-tiden","status":"publish","type":"post","link":"https:\/\/df-nyt.dk\/blog\/dansk-folkepartis-martin-henriksen-har-det-svaert-for-tiden\/","title":{"rendered":"Dansk Folkepartis Martin Henriksen har det sv\u00e6rt for tiden"},"content":{"rendered":"<p><strong><a href=\"https:\/\/df-nyt.dk\/blog\/wp-content\/uploads\/070320110811.png\"><img loading=\"lazy\" decoding=\"async\" class=\"alignleft size-full wp-image-17502\" title=\"070320110811\" src=\"https:\/\/df-nyt.dk\/blog\/wp-content\/uploads\/070320110811.png\" alt=\"\" width=\"268\" height=\"314\" \/><\/a><\/strong><\/p>\n<p>&nbsp;<\/p>\n<p>Dansk Folkepartis Martin Henriksen har det sv\u00e6rt for tiden<\/p>\n<p>Is\u00e6r syntes det at v\u00e6re i forbindelse med hans sociale omgang med j\u00e6vnaldrende begavede kvinder.<\/p>\n<p>S\u00e5ledes vil han nu klage til folketinges formand Thor Pedersen (V), over en facebookopdatering, som SF&#8217;s \u00d6zlem Cekic skrev torsdag, efter at 28 bedstefor\u00e6ldre blev kendt skyldige i at have forstyrret Folketingets arbejde.<\/p>\n<p><strong>Martin Henriksen<\/strong> har ved flere lejligheder gjort sig uheldig bem\u00e6rket, &#8211; ikke mindst da han p\u00e5 sin hjemmeside, opfordrede til<strong><span style=\"text-decoration: underline;\"><a href=\"http:\/\/www.b.dk\/danmark\/dfs-martin-henriksen-bomb-iran\"> atomkrig.<\/a><\/span><\/strong><\/p>\n<p>Det blev DF-partiledelsen s\u00e5 utilfreds med, at han m\u00e5tte skrotte hele sin<span style=\"color: #888888;\"><strong><a href=\"http:\/\/www.b.dk\/danmark\/dfs-martin-henriksen-bomb-iran\"> hjemmeside.<\/a><\/strong><\/span><\/p>\n<p>Det er jo indlysende, at selv en meget tolerant og forst\u00e5ende partiledelse, m\u00e5 s\u00e6tte en gr\u00e6nse for medlemmernes opf\u00f8rsel.<\/p>\n<p>Vi har set flere ligende <strong><span style=\"text-decoration: underline;\"><a href=\"http:\/\/df-nyt.dk\/?p=4364\">sager<\/a><\/span><\/strong>, som da DFs Mathias Alexander Gr\u00f8ning udl\u00f8ste massiv omtale i danske medier, og for Mathias Alexander Gr\u00f8ning endte det med en hurtig exit fra Dansk Folkeparti.<\/p>\n<p>Flere vil m\u00e5ske opfatte Martin Henriksens tilgang til det at v\u00e6rer folkets repr\u00e6sentant i folketinget,<br \/>\nsom v\u00e6rende misforst\u00e5et.<\/p>\n<p>S\u00e5ledes n\u00e6gtede Dansk Folkepartis Socialordf\u00f8rer Martin Henriksen i 2009. at st\u00f8tte et Socialdemokratisk forslag om hj\u00e6lp til fattigdomsramte familier, \u2013 s\u00e5 deres b\u00f8rn i det mindste kunne f\u00e5 en julegave. <span style=\"text-decoration: underline;\"><strong><a href=\"http:\/\/df-nyt.dk\/?p=11031\" target=\"_blank\" rel=\"noopener\">L\u00e6s det &#8230;HER<\/a><\/strong><\/span><\/p>\n<p>&nbsp;<\/p>\n","protected":false},"excerpt":{"rendered":"<p>&nbsp; Dansk Folkepartis Martin Henriksen har det sv\u00e6rt for tiden Is\u00e6r syntes det at v\u00e6re i forbindelse med hans sociale omgang med j\u00e6vnaldrende begavede kvinder. S\u00e5ledes vil han nu klage til folketinges formand Thor Pedersen (V), over en facebookopdatering, som SF&#8217;s \u00d6zlem Cekic skrev torsdag, efter at 28 bedstefor\u00e6ldre blev kendt skyldige i at have [&hellip;]<\/p>\n","protected":false},"author":10,"featured_media":0,"comment_status":"open","ping_status":"closed","sticky":false,"template":"","format":"standard","meta":{"footnotes":""},"categories":[1],"tags":[],"class_list":["post-17501","post","type-post","status-publish","format-standard","hentry","category-df-nyt-dk"],"_links":{"self":[{"href":"https:\/\/df-nyt.dk\/blog\/wp-json\/wp\/v2\/posts\/17501","targetHints":{"allow":["GET"]}}],"collection":[{"href":"https:\/\/df-nyt.dk\/blog\/wp-json\/wp\/v2\/posts"}],"about":[{"href":"https:\/\/df-nyt.dk\/blog\/wp-json\/wp\/v2\/types\/post"}],"author":[{"embeddable":true,"href":"https:\/\/df-nyt.dk\/blog\/wp-json\/wp\/v2\/users\/10"}],"replies":[{"embeddable":true,"href":"https:\/\/df-nyt.dk\/blog\/wp-json\/wp\/v2\/comments?post=17501"}],"version-history":[{"count":2,"href":"https:\/\/df-nyt.dk\/blog\/wp-json\/wp\/v2\/posts\/17501\/revisions"}],"predecessor-version":[{"id":98399,"href":"https:\/\/df-nyt.dk\/blog\/wp-json\/wp\/v2\/posts\/17501\/revisions\/98399"}],"wp:attachment":[{"href":"https:\/\/df-nyt.dk\/blog\/wp-json\/wp\/v2\/media?parent=17501"}],"wp:term":[{"taxonomy":"category","embeddable":true,"href":"https:\/\/df-nyt.dk\/blog\/wp-json\/wp\/v2\/categories?post=17501"},{"taxonomy":"post_tag","embeddable":true,"href":"https:\/\/df-nyt.dk\/blog\/wp-json\/wp\/v2\/tags?post=17501"}],"curies":[{"name":"wp","href":"https:\/\/api.w.org\/{rel}","templated":true}]}}