{"id":17545,"date":"2011-03-07T14:46:50","date_gmt":"2011-03-07T13:46:50","guid":{"rendered":"http:\/\/df-nyt.dk\/?p=17545"},"modified":"2017-10-04T19:40:27","modified_gmt":"2017-10-04T17:40:27","slug":"margrethes-ugebrev-luk-integrationsministeriet","status":"publish","type":"post","link":"https:\/\/df-nyt.dk\/blog\/margrethes-ugebrev-luk-integrationsministeriet\/","title":{"rendered":"Margrethes Ugebrev: Luk Integrationsministeriet!"},"content":{"rendered":"<p>Margrethes Ugebrev<\/p>\n<p>Luk Integrationsministeriet!<\/p>\n<p>Margrethe Vestager &#8211; 07-mar-2011<br \/>\nManglende oplysninger. Vildledning. Ulovlig sagsbehandling.<\/p>\n<p>Listen over d\u00e5rlige sager er lang b\u00e5de for regeringen som helhed og skiftende integrationsministre, senest Birthe R\u00f8nn Hornbech.<\/p>\n<p>Derfor foresl\u00e5r vi at lukke d\u00f8ren til Integrationsministeriet for altid &#8211; og afskedige ministeren.<\/p>\n<p>Vi skal vise, at integration handler om deltagelse, medborgerskab og ansvar for vores f\u00e6lles samfund.<\/p>\n<p>Integration handler om at f\u00f8le sig hjemme. Ikke det modsatte.<\/p>\n<p>Det er som om, VKO har set sig helt blind p\u00e5 den enkeltes baggrund: Udl\u00e6nding eller ikke udl\u00e6nding.<\/p>\n<p>Men folk er jo i uendeligt forskellige situationer: Den torturerede, politisk forfulgte flygtning, den indiske Ph.d.-studerende som har ans\u00e6ttelse i en dansk virksomhed og den nygifte chilener, der gerne vil bo med sin danske mand i Randers.<\/p>\n<p>De er ikke i samme situation. Der er mange borgere &#8211; danskere som udl\u00e6ndinge &#8211; som i dag ikke kan f\u00e5 den vejledning, de har brug for.<\/p>\n<p>Derfor skal de opgaver, som Integrationsministeriet varetager i dag, fordeles til andre ministerier.<\/p>\n<p>Vi skal lade de folk, som har forstand p\u00e5 det, tage sig af information, oplysning og sagsbehandling.<\/p>\n<p>Vi foresl\u00e5r, at opgaven om visumans\u00f8gninger bliver lagt over til Udenrigsministeriet, mens statsborgerskabssager og familiesammenf\u00f8ringer tilg\u00e5r Justitsministeriet.<\/p>\n<p>Samtidig giver det god mening at lade Besk\u00e6ftigelsesministeriet tage sig af opholdstilladelser for de mennesker, der kommer til Danmark for at arbejde og studere &#8211; arbejdstagere, studerende og EU-borgere &#8211; mens Udviklingsministeriet r\u00e5der over relevant viden til at kunne h\u00e5ndtere sager om flygtninge og asyl.<\/p>\n<p>Integration er stadig afg\u00f8rende.<\/p>\n<p>Og integration finder sted overalt, hvor mennesker er i kontakt med hinanden.<\/p>\n<p>Under uddannelse, n\u00e5r vi er syge, venter barn, finder bolig, passer arbejdet o.s.v.<\/p>\n<p>Derfor m\u00e5 hver enkelt og dermed alle ministre have integrationsopgaven som en del af deres opgave.<\/p>\n<p>For det er blevet mere og mere klart, at Integrationsministeriet er en kunstig konstruktion, hvor is\u00e6r de integrationsfaglige omr\u00e5der er blevet fjernet fra de fagministerier, hvor de naturligt h\u00f8rer hjemme.<\/p>\n<p>Men det er nok is\u00e6r i Integrationsministeriets administration af udl\u00e6ndingereglerne, vi ser, at det var en fejl, da VK-regeringen oprettede et ministerium, som syntes at have til form\u00e5l at nedbringe antallet af opholdstilladelser.<\/p>\n<p>Den politiske efterlevelse af dette form\u00e5l har tilsyneladende gennemsyret hele administrationen, der har v\u00e6ret kendetegnet ved d\u00e5rlig vejledning og uim\u00f8dekommende sagsbehandling.<\/p>\n<p>Noget som ogs\u00e5 Ombudsmanden igen og igen har kritiseret.<\/p>\n<p>Det s\u00e5 vi blandt andet i forbindelse med administrationen af EU-reglerne for familiesammenf\u00f8ring, og senest har de ulovlige afslag p\u00e5 indf\u00f8dsret til statsl\u00f8se unge gjort problemerne tydelige.<\/p>\n<p>Derfor tager vi fra radikal side nu konsekvensen og foresl\u00e5r, at en ny regering nedl\u00e6gger Integrationsministeriet.<\/p>\n<p>Det vil fremme og styrke integrationen til gavn for det danske samfund.<\/p>\n<p>Radikale Venstre stoler. Ogs\u00e5 p\u00e5 udl\u00e6ndinge.<\/p>\n<p>Venlig hilsen<br \/>\n<em>Margrethe Vestager<\/em><\/p>\n<p><a href=\"http:\/\/www.radikale.dk\"><span style=\"text-decoration: underline;\"><strong>L\u00e6s flere nyheder &#8230;HER<\/strong><\/span><\/a><\/p>\n<p><span style=\"text-decoration: underline;\"><strong><a href=\"https:\/\/df-nyt.dk\/blog\/wp-content\/uploads\/310320111152.png\"><img loading=\"lazy\" decoding=\"async\" class=\"alignleft size-full wp-image-18897\" title=\"310320111152\" src=\"https:\/\/df-nyt.dk\/blog\/wp-content\/uploads\/310320111152.png\" alt=\"\" width=\"219\" height=\"269\" \/><\/a> <\/strong><\/span><\/p>\n<p>&nbsp;<\/p>\n","protected":false},"excerpt":{"rendered":"<p>Margrethes Ugebrev Luk Integrationsministeriet! Margrethe Vestager &#8211; 07-mar-2011 Manglende oplysninger. Vildledning. Ulovlig sagsbehandling. Listen over d\u00e5rlige sager er lang b\u00e5de for regeringen som helhed og skiftende integrationsministre, senest Birthe R\u00f8nn Hornbech. Derfor foresl\u00e5r vi at lukke d\u00f8ren til Integrationsministeriet for altid &#8211; og afskedige ministeren. Vi skal vise, at integration handler om deltagelse, medborgerskab og [&hellip;]<\/p>\n","protected":false},"author":10,"featured_media":0,"comment_status":"open","ping_status":"closed","sticky":false,"template":"","format":"standard","meta":{"footnotes":""},"categories":[1],"tags":[],"class_list":["post-17545","post","type-post","status-publish","format-standard","hentry","category-df-nyt-dk"],"_links":{"self":[{"href":"https:\/\/df-nyt.dk\/blog\/wp-json\/wp\/v2\/posts\/17545","targetHints":{"allow":["GET"]}}],"collection":[{"href":"https:\/\/df-nyt.dk\/blog\/wp-json\/wp\/v2\/posts"}],"about":[{"href":"https:\/\/df-nyt.dk\/blog\/wp-json\/wp\/v2\/types\/post"}],"author":[{"embeddable":true,"href":"https:\/\/df-nyt.dk\/blog\/wp-json\/wp\/v2\/users\/10"}],"replies":[{"embeddable":true,"href":"https:\/\/df-nyt.dk\/blog\/wp-json\/wp\/v2\/comments?post=17545"}],"version-history":[{"count":0,"href":"https:\/\/df-nyt.dk\/blog\/wp-json\/wp\/v2\/posts\/17545\/revisions"}],"wp:attachment":[{"href":"https:\/\/df-nyt.dk\/blog\/wp-json\/wp\/v2\/media?parent=17545"}],"wp:term":[{"taxonomy":"category","embeddable":true,"href":"https:\/\/df-nyt.dk\/blog\/wp-json\/wp\/v2\/categories?post=17545"},{"taxonomy":"post_tag","embeddable":true,"href":"https:\/\/df-nyt.dk\/blog\/wp-json\/wp\/v2\/tags?post=17545"}],"curies":[{"name":"wp","href":"https:\/\/api.w.org\/{rel}","templated":true}]}}