{"id":17552,"date":"2011-03-07T15:34:45","date_gmt":"2011-03-07T14:34:45","guid":{"rendered":"http:\/\/df-nyt.dk\/?p=17552"},"modified":"2025-07-13T20:28:50","modified_gmt":"2025-07-13T18:28:50","slug":"en-god-forretning-at-investere-i-psykiatrien","status":"publish","type":"post","link":"https:\/\/df-nyt.dk\/blog\/en-god-forretning-at-investere-i-psykiatrien\/","title":{"rendered":"En god forretning at investere i psykiatrien"},"content":{"rendered":"<p><img loading=\"lazy\" decoding=\"async\" class=\"alignleft size-full \" title=\"281020101421\" src=\"https:\/\/df-nyt.dk\/blog\/wp-content\/uploads\/281020101421.png\" alt=\"\" width=\"141\" height=\"50\" \/>En god forretning at investere i psykiatrien<br \/>\nI sidste uge kom det frem, at Venstres Preben Rudiengaard ville st\u00f8tte fors\u00f8get med t\u00e6t samarbejde mellem praktiserende l\u00e6ger og psykiatrien &#8211; det man kalder for shared care. Skriver De Radikale i sin pressemeddelelse \u2013 <\/p>\n<p>og fors\u00e6tter<br \/>\nBedre sent end aldrig, mener Anne Marie Geisler Andersen, Radikale Venstres psykiatriordf\u00f8rer, der gerne s\u00e5, at der blev investeret penge i flere aspekter af den psykiatriske behandling.<\/p>\n<p>&#8220;Det er for mig helt nye toner, n\u00e5r Preben Rudiengaard nu bebuder, at regeringen vil finde pengene til at indf\u00f8re shared care hos de praktiserende l\u00e6ger.<\/p>\n<p>Det er en investering, der betaler sig &#8211; b\u00e5de menneskeligt, men ogs\u00e5 \u00f8konomisk,&#8221; siger Anne Marie Geisler Andersen, Radikale Venstres psykiatriordf\u00f8rer.<\/p>\n<p>Verdens sundhedsorganisation vurderer, at psykisk sygdom i de kommende \u00e5r bliver en af de st\u00f8rste trusler mod folkesundheden, og forleden kom det frem, at Danmark har verdensrekord i psykisk nedslidning.<\/p>\n<p>&#8220;I dag er det kun mennesker mellem 18 og 37 \u00e5r, der kan f\u00e5 tilskud til en psykolog.<\/p>\n<p>N\u00e5r nu Preben Rudiengaard alligevel g\u00e5r til Sundhedsministeren, kunne han s\u00e5 ikke i samme omb\u00e6ring fort\u00e6lle ministeren, at en udvidelse af denne tilskudsordning ogs\u00e5 vil v\u00e6re en god forretning?&#8221; siger Anne Marie Geisler Andersen.<\/p>\n<p>&#8220;Her beh\u00f8ver Rudiengaard ikke bede Danske Regioner o m at lave forarbejdet, for analysen er allerede lavet.<\/p>\n<p>En udvidelse af ordningen vil koste omkring 160 mio. kr. og medf\u00f8re en samfundsm\u00e6ssig gevinst i omegnen af 800 mio. kr.<\/p>\n<p>S\u00e5 det er bare med at komme i gang,&#8221; siger Anne Marie Geisler Andersen. If\u00f8lge pressemeddelelsen.<\/p>\n<p>\/\/www.radikale.dk\/<br \/>\nDu kan l\u00e6se flere nyheder p\u00e5 deres hjemmeside<\/p>\n<p>L\u00e6s ogs\u00e5:<br \/>\n<a href=\"http:\/\/df-nyt.dk\/?p=17019\"><span style=\"text-decoration: underline;\">Udvid psykologordning til alle med depression<\/span><\/a><\/p>\n<p>*********************************************************************<\/p>\n","protected":false},"excerpt":{"rendered":"<p>En god forretning at investere i psykiatrien I sidste uge kom det frem, at Venstres Preben Rudiengaard ville st\u00f8tte fors\u00f8get med t\u00e6t samarbejde mellem praktiserende l\u00e6ger og psykiatrien &#8211; det man kalder for shared care. Skriver De Radikale i sin pressemeddelelse \u2013 og fors\u00e6tter Bedre sent end aldrig, mener Anne Marie Geisler Andersen, Radikale Venstres [&hellip;]<\/p>\n","protected":false},"author":10,"featured_media":0,"comment_status":"open","ping_status":"closed","sticky":false,"template":"","format":"standard","meta":{"footnotes":""},"categories":[1],"tags":[],"class_list":["post-17552","post","type-post","status-publish","format-standard","hentry","category-df-nyt-dk"],"_links":{"self":[{"href":"https:\/\/df-nyt.dk\/blog\/wp-json\/wp\/v2\/posts\/17552","targetHints":{"allow":["GET"]}}],"collection":[{"href":"https:\/\/df-nyt.dk\/blog\/wp-json\/wp\/v2\/posts"}],"about":[{"href":"https:\/\/df-nyt.dk\/blog\/wp-json\/wp\/v2\/types\/post"}],"author":[{"embeddable":true,"href":"https:\/\/df-nyt.dk\/blog\/wp-json\/wp\/v2\/users\/10"}],"replies":[{"embeddable":true,"href":"https:\/\/df-nyt.dk\/blog\/wp-json\/wp\/v2\/comments?post=17552"}],"version-history":[{"count":4,"href":"https:\/\/df-nyt.dk\/blog\/wp-json\/wp\/v2\/posts\/17552\/revisions"}],"predecessor-version":[{"id":109004,"href":"https:\/\/df-nyt.dk\/blog\/wp-json\/wp\/v2\/posts\/17552\/revisions\/109004"}],"wp:attachment":[{"href":"https:\/\/df-nyt.dk\/blog\/wp-json\/wp\/v2\/media?parent=17552"}],"wp:term":[{"taxonomy":"category","embeddable":true,"href":"https:\/\/df-nyt.dk\/blog\/wp-json\/wp\/v2\/categories?post=17552"},{"taxonomy":"post_tag","embeddable":true,"href":"https:\/\/df-nyt.dk\/blog\/wp-json\/wp\/v2\/tags?post=17552"}],"curies":[{"name":"wp","href":"https:\/\/api.w.org\/{rel}","templated":true}]}}