{"id":17579,"date":"2011-03-08T11:40:31","date_gmt":"2011-03-08T10:40:31","guid":{"rendered":"http:\/\/df-nyt.dk\/?p=17579"},"modified":"2026-01-23T12:41:29","modified_gmt":"2026-01-23T11:41:29","slug":"r-nedlaeg-ogsa-integrationsministeriet","status":"publish","type":"post","link":"https:\/\/df-nyt.dk\/blog\/r-nedlaeg-ogsa-integrationsministeriet\/","title":{"rendered":"R: Nedl\u00e6g ogs\u00e5 Integrationsministeriet"},"content":{"rendered":"<p>Birthe R\u00f8nn Hornbech blev tirsdag morgen fyret som integrations- og kirkeminister efter sagen om de ulovlige afslag p\u00e5 statsborgerskab til statsl\u00f8se unge.<\/p>\n<p>Samtidig neds\u00e6tter statsministeren en uvildig unders\u00f8gelseskommission. Skriver de radikale i en pressemeddelelse.<\/p>\n<p>Og &#8211; De forts\u00e6tter.<br \/>\nDet var p\u00e5 tide, mener Margrethe Vestager, Radikale Venstres politiske leder, der samtidig gerne ser, at Integrationsministeriet lukkes, og opgaverne fordeles til andre ministerier.<\/p>\n<p>&#8220;Statsministeren har truffet den eneste rigtige beslutning, og det er at fyre Birthe R\u00f8nn Hornbech og samtidig neds\u00e6tte en uvildig unders\u00f8gelseskommission.<\/p>\n<p>Det burde han have gjort tidligere, men det er godt, han nu er kommet frem til samme konklusion som os andre,&#8221; siger Margrethe Vestager, Radikale Venstres politiske leder.<\/p>\n<p>&#8220;Man kan ikke have en minister siddende, der bevidst har handlet mod loven og ikke har levet op til sit ansvar om at underrette Folketinget.<\/p>\n<p>Det er en alvorlig sag, der ogs\u00e5 kr\u00e6ver, at vi n\u00e5r til bunds gennem en uvildig unders\u00f8gelse,&#8221; siger Margrethe Vestager.<\/p>\n<p>&#8220;Listen over d\u00e5rlige sager er lang &#8211; b\u00e5de for regeringen som helhed og de skiftende integrationsministre.<\/p>\n<p>Senest Birthe R\u00f8nn Hornbech.<br \/>\nDerfor foresl\u00e5r jeg at lukke Integrationsministeriet og fordele opgaverne ud til de ministerier, der har kompetencerne,&#8221; siger Margrethe Vestager if\u00f8lge pressemeddelelsen.<br \/>\n******************************************<\/p>\n","protected":false},"excerpt":{"rendered":"<p>Birthe R\u00f8nn Hornbech blev tirsdag morgen fyret som integrations- og kirkeminister efter sagen om de ulovlige afslag p\u00e5 statsborgerskab til statsl\u00f8se unge. Samtidig neds\u00e6tter statsministeren en uvildig unders\u00f8gelseskommission. Skriver de radikale i en pressemeddelelse. Og &#8211; De forts\u00e6tter. Det var p\u00e5 tide, mener Margrethe Vestager, Radikale Venstres politiske leder, der samtidig gerne ser, at Integrationsministeriet [&hellip;]<\/p>\n","protected":false},"author":10,"featured_media":0,"comment_status":"open","ping_status":"closed","sticky":false,"template":"","format":"standard","meta":{"footnotes":""},"categories":[1],"tags":[],"class_list":["post-17579","post","type-post","status-publish","format-standard","hentry","category-df-nyt-dk"],"_links":{"self":[{"href":"https:\/\/df-nyt.dk\/blog\/wp-json\/wp\/v2\/posts\/17579","targetHints":{"allow":["GET"]}}],"collection":[{"href":"https:\/\/df-nyt.dk\/blog\/wp-json\/wp\/v2\/posts"}],"about":[{"href":"https:\/\/df-nyt.dk\/blog\/wp-json\/wp\/v2\/types\/post"}],"author":[{"embeddable":true,"href":"https:\/\/df-nyt.dk\/blog\/wp-json\/wp\/v2\/users\/10"}],"replies":[{"embeddable":true,"href":"https:\/\/df-nyt.dk\/blog\/wp-json\/wp\/v2\/comments?post=17579"}],"version-history":[{"count":2,"href":"https:\/\/df-nyt.dk\/blog\/wp-json\/wp\/v2\/posts\/17579\/revisions"}],"predecessor-version":[{"id":111626,"href":"https:\/\/df-nyt.dk\/blog\/wp-json\/wp\/v2\/posts\/17579\/revisions\/111626"}],"wp:attachment":[{"href":"https:\/\/df-nyt.dk\/blog\/wp-json\/wp\/v2\/media?parent=17579"}],"wp:term":[{"taxonomy":"category","embeddable":true,"href":"https:\/\/df-nyt.dk\/blog\/wp-json\/wp\/v2\/categories?post=17579"},{"taxonomy":"post_tag","embeddable":true,"href":"https:\/\/df-nyt.dk\/blog\/wp-json\/wp\/v2\/tags?post=17579"}],"curies":[{"name":"wp","href":"https:\/\/api.w.org\/{rel}","templated":true}]}}