{"id":17587,"date":"2011-03-08T14:16:14","date_gmt":"2011-03-08T13:16:14","guid":{"rendered":"http:\/\/df-nyt.dk\/?p=17587"},"modified":"2025-12-30T23:11:52","modified_gmt":"2025-12-30T22:11:52","slug":"udsigt-til-mere-skraemmekampagne-om-skat-med-christensen-som-minister","status":"publish","type":"post","link":"https:\/\/df-nyt.dk\/blog\/udsigt-til-mere-skraemmekampagne-om-skat-med-christensen-som-minister\/","title":{"rendered":"Udsigt til mere skr\u00e6mmekampagne om skat med Christensen som minister"},"content":{"rendered":"<p><img loading=\"lazy\" decoding=\"async\" class=\"alignleft size-full \" title=\"080320111415\" src=\"https:\/\/df-nyt.dk\/blog\/wp-content\/uploads\/080320111415.png\" alt=\"\" width=\"273\" height=\"199\" \/><br \/>\nSF\u2019s skatteordf\u00f8rer, Jesper Petersen, forudser at skr\u00e6mmekampagnen om oppositionens skattepolitik vil tage til i styrke med Peter Christensen som minister. Skriver SF i sin pressemeddelelse<br \/>\n\u2013 og fors\u00e6tter<br \/>\nDen socialt sk\u00e6ve skattepolitik fra regeringen vil der til geng\u00e6ld ikke blive \u00e6ndret p\u00e5.<\/p>\n<p>&#8211; Peter Christensen skal ikke v\u00e6re skatteminister, han skal v\u00e6re skr\u00e6mmeminister. Han er en meget liberalistisk bulderbasse, og det er nok lige den stil L\u00f8kke gerne vil have frem til valget.<\/p>\n<p>Vi f\u00e5r den samme sk\u00e6ve og d\u00e6kningsl\u00f8se skattepolitik tilsat mere skr\u00e6mmekampagne og byger af usandheder om oppositionens skattepolitik.<\/p>\n<p>Jeg ser frem til dysterne med Peter Christensen om skattepolitikken, men jeg tror ikke det bliver k\u00f8nt for danskerne at f\u00f8lge den skr\u00e6mmekampagne, Peter Christensen skal st\u00e5 for.<\/p>\n<p>&#8211; Medarbejderne i Skat f\u00e5r nu en tredje chef indenfor samme valgperiode.<\/p>\n<p>Jeg h\u00e5ber ogs\u00e5 den nye ministers tid i ministeriet bliver kort, s\u00e5 vi efter valget kan f\u00e5 en mere retf\u00e6rdig skattepolitik og en bedre skatteadministration.<\/p>\n<p>Vi skal have en mere retf\u00e6rdig skattepolitik og et bedre Skat.<\/p>\n<p>Og mindre Trolex og sk\u00e6v skattepolitik.<br \/>\n&#8211; Der massive problemer i Skat med d\u00e5rlig ligning, skatteg\u00e6lden er eksploderet og de multinationale stadig slipper alt for let i skat.<\/p>\n<p>Der er fyret tusindvis af medarbejdere i Skat siden 2005, og regeringen vil forts\u00e6tte den udsultning.<\/p>\n<p>Jeg h\u00e5ber, Peter Christensen vil erkende, at nedsk\u00e6ringerne er helt uholdbare og l\u00e6gge sig i selen for en anden kurs for Skat.<\/p>\n<p>Skulle der v\u00e6re rum for den slags konstruktive ting f\u00f8r et valg, s\u00e5 er SF meget indstillede p\u00e5 at diskutere det med Peter Christensen.<\/p>\n<p>Statsrevisorerne har tidligere kritiseret forholdene i SKAT.<\/p>\n<p>Jesper Petersen henviser i \u00f8vrigt til, at Peter Christensen selv er statsrevisor. Skriver SF i sin pressemeddelelse.<\/p>\n<p>For yderlig l\u00e6sning.<\/p>\n<p><a href=\"http:\/\/www.sf.dk\"><span style=\"text-decoration: underline;\">\/\/.sf.dk\/seneste-nyt<\/span><\/a><br \/>\n&nbsp;<br \/>\n<a href=\"https:\/\/www.greens-efa.eu\/\"><span style=\"text-decoration: underline;\">Se den Gr\u00f8nne gruppe i parlamentet her<\/span><\/a><br \/>\n&nbsp;<\/p>\n","protected":false},"excerpt":{"rendered":"<p>SF\u2019s skatteordf\u00f8rer, Jesper Petersen, forudser at skr\u00e6mmekampagnen om oppositionens skattepolitik vil tage til i styrke med Peter Christensen som minister. Skriver SF i sin pressemeddelelse \u2013 og fors\u00e6tter Den socialt sk\u00e6ve skattepolitik fra regeringen vil der til geng\u00e6ld ikke blive \u00e6ndret p\u00e5. &#8211; Peter Christensen skal ikke v\u00e6re skatteminister, han skal v\u00e6re skr\u00e6mmeminister. Han er [&hellip;]<\/p>\n","protected":false},"author":10,"featured_media":0,"comment_status":"open","ping_status":"closed","sticky":false,"template":"","format":"standard","meta":{"footnotes":""},"categories":[1],"tags":[],"class_list":["post-17587","post","type-post","status-publish","format-standard","hentry","category-df-nyt-dk"],"_links":{"self":[{"href":"https:\/\/df-nyt.dk\/blog\/wp-json\/wp\/v2\/posts\/17587","targetHints":{"allow":["GET"]}}],"collection":[{"href":"https:\/\/df-nyt.dk\/blog\/wp-json\/wp\/v2\/posts"}],"about":[{"href":"https:\/\/df-nyt.dk\/blog\/wp-json\/wp\/v2\/types\/post"}],"author":[{"embeddable":true,"href":"https:\/\/df-nyt.dk\/blog\/wp-json\/wp\/v2\/users\/10"}],"replies":[{"embeddable":true,"href":"https:\/\/df-nyt.dk\/blog\/wp-json\/wp\/v2\/comments?post=17587"}],"version-history":[{"count":4,"href":"https:\/\/df-nyt.dk\/blog\/wp-json\/wp\/v2\/posts\/17587\/revisions"}],"predecessor-version":[{"id":110585,"href":"https:\/\/df-nyt.dk\/blog\/wp-json\/wp\/v2\/posts\/17587\/revisions\/110585"}],"wp:attachment":[{"href":"https:\/\/df-nyt.dk\/blog\/wp-json\/wp\/v2\/media?parent=17587"}],"wp:term":[{"taxonomy":"category","embeddable":true,"href":"https:\/\/df-nyt.dk\/blog\/wp-json\/wp\/v2\/categories?post=17587"},{"taxonomy":"post_tag","embeddable":true,"href":"https:\/\/df-nyt.dk\/blog\/wp-json\/wp\/v2\/tags?post=17587"}],"curies":[{"name":"wp","href":"https:\/\/api.w.org\/{rel}","templated":true}]}}