{"id":17617,"date":"2011-03-09T00:52:44","date_gmt":"2011-03-08T23:52:44","guid":{"rendered":"http:\/\/df-nyt.dk\/?p=17617"},"modified":"2018-03-05T08:56:53","modified_gmt":"2018-03-05T07:56:53","slug":"bedst-som-man-troede-det-ikke-kunne-blive-vaerre-%e2%80%93-s%c3%b8ren-pind-som-integrationsminister","status":"publish","type":"post","link":"https:\/\/df-nyt.dk\/blog\/bedst-som-man-troede-det-ikke-kunne-blive-vaerre-%e2%80%93-s%c3%b8ren-pind-som-integrationsminister\/","title":{"rendered":"Bedst som man troede, det ikke kunne blive v\u00e6rre \u2013 S\u00f8ren Pind som integrationsminister"},"content":{"rendered":"<p><strong>Bedst som man troede, det ikke kunne blive v\u00e6rre \u2013 S\u00f8ren Pind som integrationsminister<\/strong><\/p>\n<p><a href=\"https:\/\/df-nyt.dk\/blog\/wp-content\/uploads\/090320110051.png\"><img loading=\"lazy\" decoding=\"async\" class=\"alignleft size-full wp-image-17618\" title=\"090320110051\" src=\"https:\/\/df-nyt.dk\/blog\/wp-content\/uploads\/090320110051.png\" alt=\"\" width=\"257\" height=\"120\" \/><\/a><\/p>\n<p>Birthe R\u00f8nn Hornbechs l\u00e6nge ventede afgang, efter at det blev lidt for \u00e5benlyst, at hun ganske enkelt bevidst har syltet en r\u00e6kke statsl\u00f8se menneskers krav p\u00e5 statsborgerskab, markerer samtidig endnu et tryk p\u00e5 speederen i h\u00f8jredrejningen af Danmark:<\/p>\n<p>Hendes afl\u00f8ser S\u00f8ren Pind erkl\u00e6rer prompte, at den lov, som Birthe R\u00f8nn Hornbech har overtr\u00e5dt, er \u201c\u00e5ndssvag\u201c.<\/p>\n<p><strong>Det er ogs\u00e5 S\u00f8ren Pind, der har udtalt:<\/strong><\/p>\n<p>Jeg gider ikke h\u00f8re mere snak om integration.<\/p>\n<p>Fri mig for det \u2013 det rigtige ord m\u00e5 v\u00e6re assimilation.<\/p>\n<p>Der er s\u00e5 rigelig kulturer, folk kan drage andensteds hen og dyrke, hvis det er det, de har lyst til<\/p>\n<p>Det er ogs\u00e5 S\u00f8ren Pind, der udtalte sin helt uforbeholdne st\u00f8tte til Hells Angels\u2019 \u201csjakalmanifest\u201c, hvor det blandt andet hed, at arabere \u201cpiber og skriger, n\u00e5r de f\u00e5r t\u00e6v\u201d.<\/p>\n<p>En analyse viser ret hurtigt, at S\u00f8ren Pind er en gennemf\u00f8rt magtpolitiker \u2013 antiliberal, \u00e5benlyst racistisk, i bund og grund udemokratisk og ude af stand til at anerkende andre synspunkters ret til at eksistere.<\/p>\n<p><strong>Udn\u00e6vnelsen af Pind rejser et grundl\u00e6ggende sp\u00f8rgsm\u00e5l:<\/strong><\/p>\n<p>Hvorfor ikke Pia Kj\u00e6rsgaard?<\/p>\n<p><strong>Svaret er desv\u00e6rre:<\/strong><\/p>\n<p>Fordi det ikke ville g\u00f8re nogen forskel.<\/p>\n<p>\u201cM\u00f8rke\u201d indvandrere g\u00f8r snart klogt i at have en pakket kuffert st\u00e5ende ved siden af sengen, &#8230;<\/p>\n<p><strong>L\u00e6s ogs\u00e5:<\/strong><\/p>\n<p><a href=\"http:\/\/df-nyt.dk\/?p=17608\"><span style=\"text-decoration: underline;\"><strong>FN-konvention kolliderer ikke med dansk grundlov <\/strong><\/span><\/a><\/p>\n<p>&nbsp;<\/p>\n","protected":false},"excerpt":{"rendered":"<p>Bedst som man troede, det ikke kunne blive v\u00e6rre \u2013 S\u00f8ren Pind som integrationsminister Birthe R\u00f8nn Hornbechs l\u00e6nge ventede afgang, efter at det blev lidt for \u00e5benlyst, at hun ganske enkelt bevidst har syltet en r\u00e6kke statsl\u00f8se menneskers krav p\u00e5 statsborgerskab, markerer samtidig endnu et tryk p\u00e5 speederen i h\u00f8jredrejningen af Danmark: Hendes afl\u00f8ser S\u00f8ren [&hellip;]<\/p>\n","protected":false},"author":10,"featured_media":0,"comment_status":"open","ping_status":"closed","sticky":false,"template":"","format":"standard","meta":{"footnotes":""},"categories":[1],"tags":[],"class_list":["post-17617","post","type-post","status-publish","format-standard","hentry","category-df-nyt-dk"],"_links":{"self":[{"href":"https:\/\/df-nyt.dk\/blog\/wp-json\/wp\/v2\/posts\/17617","targetHints":{"allow":["GET"]}}],"collection":[{"href":"https:\/\/df-nyt.dk\/blog\/wp-json\/wp\/v2\/posts"}],"about":[{"href":"https:\/\/df-nyt.dk\/blog\/wp-json\/wp\/v2\/types\/post"}],"author":[{"embeddable":true,"href":"https:\/\/df-nyt.dk\/blog\/wp-json\/wp\/v2\/users\/10"}],"replies":[{"embeddable":true,"href":"https:\/\/df-nyt.dk\/blog\/wp-json\/wp\/v2\/comments?post=17617"}],"version-history":[{"count":0,"href":"https:\/\/df-nyt.dk\/blog\/wp-json\/wp\/v2\/posts\/17617\/revisions"}],"wp:attachment":[{"href":"https:\/\/df-nyt.dk\/blog\/wp-json\/wp\/v2\/media?parent=17617"}],"wp:term":[{"taxonomy":"category","embeddable":true,"href":"https:\/\/df-nyt.dk\/blog\/wp-json\/wp\/v2\/categories?post=17617"},{"taxonomy":"post_tag","embeddable":true,"href":"https:\/\/df-nyt.dk\/blog\/wp-json\/wp\/v2\/tags?post=17617"}],"curies":[{"name":"wp","href":"https:\/\/api.w.org\/{rel}","templated":true}]}}