{"id":17625,"date":"2011-03-09T10:20:05","date_gmt":"2011-03-09T09:20:05","guid":{"rendered":"http:\/\/df-nyt.dk\/?p=17625"},"modified":"2024-01-16T22:37:11","modified_gmt":"2024-01-16T21:37:11","slug":"de-skulle-have-siddet-med-om-bordet-i-vaerdikommissionen","status":"publish","type":"post","link":"https:\/\/df-nyt.dk\/blog\/de-skulle-have-siddet-med-om-bordet-i-vaerdikommissionen\/","title":{"rendered":"De skulle have siddet med om bordet i V\u00e6rdikommissionen &#8230;"},"content":{"rendered":"<p><img loading=\"lazy\" decoding=\"async\" class=\"alignleft size-full \" src=\"https:\/\/df-nyt.dk\/wp-content\/uploads\/090320111018.png\" alt=\"\" width=\"301\" height=\"183\" \/><\/p>\n<p>De skulle have siddet med om bordet i V\u00e6rdikommissionen<\/p>\n<p>Dansk Folkeparti fik dem udelukket<br \/>\nDe har enten kritiseret Dansk Folkeparti eller er ikke borgerlige nok<\/p>\n<p>Historiker Michael B\u00f6ss, journalist Klavs Birkholm og den tidligere radikale landsformand Asger Baunsbak-Jensen.<\/p>\n<p>Alle tre eksperter, som er blevet n\u00e6gtet en plads i V\u00e6rdikommission af Dansk Folkeparti,<br \/>\n-alene fordi de p\u00e5 et tidspunkt har kritiseret partiet<\/p>\n<p>Det viser en mailkorrespondance mellem Kulturministeriet og kulturordf\u00f8rer Karin N\u00f8dgaard (DF), som Kristeligt Dagblad har f\u00e5et aktindsigt i.<\/p>\n<p>Den 14. december 2010 skriver Karin N\u00f8dgaard til kulturminister Per Stig M\u00f8ller (K), at Michael B\u00f6ss kandidatur er problematisk, idet han &#8220;fremkom med en usaglig kritik af pointsystemet, da aftalen blev indg\u00e5et, uden at han kendte det konkrete indhold&#8221;.<\/p>\n<p>Asger Baunsbak-Jensen menes at v\u00e6re for kritisk og radikal, -og ogs\u00e5 Klavs Birkholm blev i januar vraget, fordi han har en fortid som medlem af VS.<\/p>\n<p>Resultatet blev, en politisk afvisning, &#8211; og at ingen af de tre kandidater fik en plads blandt de 10 kommissionsmedlemmer.<\/p>\n<p>Karin N\u00f8dgaard l\u00e6gger ikke skjul p\u00e5, at partiet har fravalgt kandidater p\u00e5 baggrund af deres kritik:<\/p>\n<p>-Vi har lavet en research af de forskellige kandidater, og der har nogle vist sig at v\u00e6re mere oplagte end andre.<\/p>\n<p>Hvis nogle har v\u00e6ret meget kritiske over for os, har der ikke v\u00e6ret nogen grund til, at vi skulle anbefale dem, siger hun. If\u00f8lge Kristeligt Dagblad<\/p>\n<p>Reference<br \/>\nHjemmesiden \/\/kristeligt-dagblad.dk\/danmark\/df-vragede-kritikere-fra-ny-kommission<\/p>\n<p>For yderlig l\u00e6sning.<\/p>\n<p><a href=\"https:\/\/df-nyt.dk\/?p=17639\/\" target=\"_blank\" rel=\"noopener noreferrer\"><span style=\"text-decoration: underline;\">Ville Karen Jespersen og S\u00f8ren Espersen kunne v\u00e6re blevet medlemmer af regeringens v\u00e6rdikommission?<\/span><\/a><br \/>\n&nbsp;<br \/>\n<a href=\"https:\/\/df-nyt.dk\/?p=10498\/\" target=\"_blank\" rel=\"noopener noreferrer\"><span style=\"text-decoration: underline;\">Katrine Winkel Holm Noterer at JP som den sidste avis anmelder min bog og at anmeldelsen ikke er den klogeste<\/span><\/a><\/p>\n","protected":false},"excerpt":{"rendered":"<p>De skulle have siddet med om bordet i V\u00e6rdikommissionen Dansk Folkeparti fik dem udelukket De har enten kritiseret Dansk Folkeparti eller er ikke borgerlige nok Historiker Michael B\u00f6ss, journalist Klavs Birkholm og den tidligere radikale landsformand Asger Baunsbak-Jensen. Alle tre eksperter, som er blevet n\u00e6gtet en plads i V\u00e6rdikommission af Dansk Folkeparti, -alene fordi de [&hellip;]<\/p>\n","protected":false},"author":10,"featured_media":0,"comment_status":"open","ping_status":"closed","sticky":false,"template":"","format":"standard","meta":{"footnotes":""},"categories":[1],"tags":[],"class_list":["post-17625","post","type-post","status-publish","format-standard","hentry","category-df-nyt-dk"],"_links":{"self":[{"href":"https:\/\/df-nyt.dk\/blog\/wp-json\/wp\/v2\/posts\/17625","targetHints":{"allow":["GET"]}}],"collection":[{"href":"https:\/\/df-nyt.dk\/blog\/wp-json\/wp\/v2\/posts"}],"about":[{"href":"https:\/\/df-nyt.dk\/blog\/wp-json\/wp\/v2\/types\/post"}],"author":[{"embeddable":true,"href":"https:\/\/df-nyt.dk\/blog\/wp-json\/wp\/v2\/users\/10"}],"replies":[{"embeddable":true,"href":"https:\/\/df-nyt.dk\/blog\/wp-json\/wp\/v2\/comments?post=17625"}],"version-history":[{"count":2,"href":"https:\/\/df-nyt.dk\/blog\/wp-json\/wp\/v2\/posts\/17625\/revisions"}],"predecessor-version":[{"id":101530,"href":"https:\/\/df-nyt.dk\/blog\/wp-json\/wp\/v2\/posts\/17625\/revisions\/101530"}],"wp:attachment":[{"href":"https:\/\/df-nyt.dk\/blog\/wp-json\/wp\/v2\/media?parent=17625"}],"wp:term":[{"taxonomy":"category","embeddable":true,"href":"https:\/\/df-nyt.dk\/blog\/wp-json\/wp\/v2\/categories?post=17625"},{"taxonomy":"post_tag","embeddable":true,"href":"https:\/\/df-nyt.dk\/blog\/wp-json\/wp\/v2\/tags?post=17625"}],"curies":[{"name":"wp","href":"https:\/\/api.w.org\/{rel}","templated":true}]}}