{"id":17635,"date":"2011-03-09T10:52:18","date_gmt":"2011-03-09T09:52:18","guid":{"rendered":"http:\/\/df-nyt.dk\/?p=17635"},"modified":"2025-06-25T23:32:54","modified_gmt":"2025-06-25T21:32:54","slug":"sf-til-ny-kirkeminister-homovielser-overst-i-bunken","status":"publish","type":"post","link":"https:\/\/df-nyt.dk\/blog\/sf-til-ny-kirkeminister-homovielser-overst-i-bunken\/","title":{"rendered":"SF til ny kirkeminister: Homovielser \u00f8verst i bunken"},"content":{"rendered":"<p><img loading=\"lazy\" decoding=\"async\" class=\"alignleft size-full \" title=\"090320111051\" src=\"https:\/\/df-nyt.dk\/blog\/wp-content\/uploads\/090320111051.png\" alt=\"\" width=\"273\" height=\"211\" \/><\/p>\n<p>Den afg\u00e5ede kirkeminister har syltet sp\u00f8rgsm\u00e5let om vielse af homoseksuelle i Folkekirken.<\/p>\n<p>Med nye kr\u00e6fter p\u00e5 posten forventer SF&#8217;s Kamal Qureshi hurtig handlen. Skriver SF i sin pressemeddelelse <\/p>\n<p>\u2013 og fors\u00e6tter<br \/>\n&#8211; Hvis den nye kirkeminister ikke s\u00e6tter sp\u00f8rgsm\u00e5let aller\u00f8verst p\u00e5 &#8216;to do&#8217;-listen, s\u00e5 bliver vi n\u00f8dt til at ordne det i folketingssalen, hvor regeringen som oftest er i mindretal i de her sp\u00f8rgsm\u00e5l.<\/p>\n<p>Det er uholdbart, at sp\u00f8rgsm\u00e5let tr\u00e6kkes i langdrag, og Folkekirken holdes i uvished i et s\u00e5 v\u00e6sentligt sp\u00f8rgsm\u00e5l.<\/p>\n<p>Netop derfor skal der hurtigst muligt f\u00f8lges op p\u00e5 den h\u00f8ring, som den afg\u00e5ede minister satte i gang, siger SF&#8217;s ligestillingsordf\u00f8rer Kamal Qureshi.<\/p>\n<p>SF vil afskaffe &#8216;registreret partnerskab&#8217; og foretage de lovgivningsm\u00e6ssige begr\u00e6nsninger for at trossamfundene kan vie homoseksuelle.<\/p>\n<p>&#8211; SF \u00f8nsker, at Folkekirken stilles frit i beslutningen om, hvorvidt og hvordan homoseksuelle f\u00e5r adgang til at blive viet i Folkekirken.<\/p>\n<p>Vores ansvar som politikere er, at fjerne de hindringer der er p\u00e5lagt kirken &#8211; ikke at tr\u00e6kke en bestemt beslutning ned over hovedet p\u00e5 kirken.<\/p>\n<p>Lad os derfor fjerne den politiske sp\u00e6ndetr\u00f8je, s\u00e5 kan kirken, biskopperne og pr\u00e6sterne selv afg\u00f8re, hvordan de vil tolke deres gerning.<\/p>\n<p>Og lad os ikke glemme at der ogs\u00e5 skal v\u00e6re frihed til de andre trossamfund, s\u00e5 de ogs\u00e5 kan forholde sig til, hvad de vil g\u00f8re, siger SF&#8217;s ligestillingsordf\u00f8rer Kamal Qureshi if\u00f8lge en pressemeddelelse fra SF.<\/p>\n<p>For yderlig l\u00e6sning.<\/p>\n<p><a href=\"http:\/\/www.sf.dk\"><span style=\"text-decoration: underline;\">.\/\/sf.dk\/seneste-nyt<\/span><\/a><br \/>\n&nbsp;<br \/>\n<a href=\"https:\/\/www.greens-efa.eu\/\"><span style=\"text-decoration: underline;\">Se den Gr\u00f8nne gruppe i parlamentet der<\/span><\/a><br \/>\n&nbsp;<\/p>\n","protected":false},"excerpt":{"rendered":"<p>Den afg\u00e5ede kirkeminister har syltet sp\u00f8rgsm\u00e5let om vielse af homoseksuelle i Folkekirken. Med nye kr\u00e6fter p\u00e5 posten forventer SF&#8217;s Kamal Qureshi hurtig handlen. Skriver SF i sin pressemeddelelse \u2013 og fors\u00e6tter &#8211; Hvis den nye kirkeminister ikke s\u00e6tter sp\u00f8rgsm\u00e5let aller\u00f8verst p\u00e5 &#8216;to do&#8217;-listen, s\u00e5 bliver vi n\u00f8dt til at ordne det i folketingssalen, hvor regeringen [&hellip;]<\/p>\n","protected":false},"author":10,"featured_media":0,"comment_status":"open","ping_status":"closed","sticky":false,"template":"","format":"standard","meta":{"footnotes":""},"categories":[1],"tags":[],"class_list":["post-17635","post","type-post","status-publish","format-standard","hentry","category-df-nyt-dk"],"_links":{"self":[{"href":"https:\/\/df-nyt.dk\/blog\/wp-json\/wp\/v2\/posts\/17635","targetHints":{"allow":["GET"]}}],"collection":[{"href":"https:\/\/df-nyt.dk\/blog\/wp-json\/wp\/v2\/posts"}],"about":[{"href":"https:\/\/df-nyt.dk\/blog\/wp-json\/wp\/v2\/types\/post"}],"author":[{"embeddable":true,"href":"https:\/\/df-nyt.dk\/blog\/wp-json\/wp\/v2\/users\/10"}],"replies":[{"embeddable":true,"href":"https:\/\/df-nyt.dk\/blog\/wp-json\/wp\/v2\/comments?post=17635"}],"version-history":[{"count":5,"href":"https:\/\/df-nyt.dk\/blog\/wp-json\/wp\/v2\/posts\/17635\/revisions"}],"predecessor-version":[{"id":108215,"href":"https:\/\/df-nyt.dk\/blog\/wp-json\/wp\/v2\/posts\/17635\/revisions\/108215"}],"wp:attachment":[{"href":"https:\/\/df-nyt.dk\/blog\/wp-json\/wp\/v2\/media?parent=17635"}],"wp:term":[{"taxonomy":"category","embeddable":true,"href":"https:\/\/df-nyt.dk\/blog\/wp-json\/wp\/v2\/categories?post=17635"},{"taxonomy":"post_tag","embeddable":true,"href":"https:\/\/df-nyt.dk\/blog\/wp-json\/wp\/v2\/tags?post=17635"}],"curies":[{"name":"wp","href":"https:\/\/api.w.org\/{rel}","templated":true}]}}