{"id":17639,"date":"2011-03-09T11:27:10","date_gmt":"2011-03-09T10:27:10","guid":{"rendered":"http:\/\/df-nyt.dk\/?p=17639"},"modified":"2017-12-27T23:47:45","modified_gmt":"2017-12-27T22:47:45","slug":"ville-karen-jespersen-og-s%c3%b8ren-espersen-kunne-vaere-blevet-medlemmer-af-regeringens-vaerdikommission","status":"publish","type":"post","link":"https:\/\/df-nyt.dk\/blog\/ville-karen-jespersen-og-s%c3%b8ren-espersen-kunne-vaere-blevet-medlemmer-af-regeringens-vaerdikommission\/","title":{"rendered":"Ville Karen Jespersen og S\u00f8ren Espersen kunne v\u00e6re blevet medlemmer af regeringens v\u00e6rdikommission?"},"content":{"rendered":"<p><strong>Ville Karen Jespersen og S\u00f8ren Espersen kunne v\u00e6re blevet medlemmer af regeringens v\u00e6rdikommission?<\/strong><\/p>\n<p><strong><a href=\"https:\/\/df-nyt.dk\/blog\/wp-content\/uploads\/090320111121.png\"><img loading=\"lazy\" decoding=\"async\" class=\"alignleft size-full wp-image-17640\" title=\"090320111121\" src=\"https:\/\/df-nyt.dk\/blog\/wp-content\/uploads\/090320111121.png\" alt=\"\" width=\"274\" height=\"204\" \/><\/a><\/strong><\/p>\n<p>Kulturordf\u00f8rer for SF Pernille Frahm raser over politiske styring og spild af kulturmidler!<\/p>\n<p>If\u00f8lge dagspressen, har Per Stig M\u00f8ller efter vejledning fra Karin N\u00f8dg\u00e5rd fra DF vraget en r\u00e6kke kandidater til regeringens v\u00e6rdikommission.<\/p>\n<p>En af dem er Klavs Birkholm, som ikke fandt n\u00e5de, fordi han havde en fortid som medlem af VS.<\/p>\n<p>Derfor er der grund til at grave endnu engang i, hvad form\u00e5let med v\u00e6rdi kommissionen egentlig er, og hvordan den er sammensat.<\/p>\n<p>Hvis en kritisk holdning til regeringens pointsystem eller l\u00e6serindl\u00e6g imod DF eller en fortid som medlem af VS er diskvalificerende, vil ganske mange fremtr\u00e6dende debatt\u00f8rer v\u00e6re ude i kulden.<\/p>\n<p>Ville Karen Jespersen eller S\u00f8ren Espersen, som begge har en fortid i VS kunne finde n\u00e5de for denne nye form Berufsverbot?<\/p>\n<p>Jeg frygter, at regeringen, fordi de har skullet please DF og Kristendemokraten har begivet sig ind p\u00e5 et projekt, der ikke handler om at kortl\u00e6gge, men snarere som en slags Vogternes R\u00e5d skal manipulere med debatten i befolkningen.<\/p>\n<p>Jeg agter at stille en r\u00e6kke opklarende sp\u00f8rgsm\u00e5l til kulturministeren om kommissionens arbejde og sammens\u00e6tning.<\/p>\n<p>Kommissionen skal finansieres over de i forvejen meget sparsomme kulturmidler.<\/p>\n<p>Vi sparer p\u00e5 Teatre, musik, scenekunst og uddannelser, men lader penge flyde til et politisk ideologisk smagsdommer projekt.<\/p>\n<p>Det er fuldst\u00e6ndigt uacceptabelt!<\/p>\n<p>Skriver SF i en pressemeddelse&#8230;\u00a0<a href=\"http:\/\/www.sf.dk\/\" target=\"_blank\" rel=\"noopener\"><span style=\"text-decoration: underline;\"><strong>Du kan l\u00e6se flere nyheder &#8230; HER<\/strong><\/span><\/a><\/p>\n<p><strong>*************************************************************** <\/strong><\/p>\n<p><strong>L\u00e6s ogs\u00e5:<\/strong><\/p>\n<p><a href=\"http:\/\/df-nyt.dk\/?p=17625\"><span style=\"text-decoration: underline;\"><strong>De skulle have siddet med om bordet i V\u00e6rdikommissionen \u2026 <\/strong><\/span><\/a><\/p>\n<p>&nbsp;<br \/>\n<a href=\"http:\/\/df-nyt.dk\/?p=8292\"><span style=\"text-decoration: underline;\"><strong>L\u00e6s om Ralf Pittelkow og Karen Jespersens &#8220;trivi-b\u00f8ger&#8221; &#8230;HER<\/strong><\/span><\/a><\/p>\n<p>&nbsp;<br \/>\n<a href=\"http:\/\/df-nyt.dk\/?p=4013\"><span style=\"text-decoration: underline;\"><strong>L\u00e6s om S\u00f8ren Espersens &#8220;velf\u00e6rd&#8221; &#8230; HER<\/strong><\/span><\/a><\/p>\n<p><strong>*********************************************<\/strong><\/p>\n","protected":false},"excerpt":{"rendered":"<p>Ville Karen Jespersen og S\u00f8ren Espersen kunne v\u00e6re blevet medlemmer af regeringens v\u00e6rdikommission? Kulturordf\u00f8rer for SF Pernille Frahm raser over politiske styring og spild af kulturmidler! If\u00f8lge dagspressen, har Per Stig M\u00f8ller efter vejledning fra Karin N\u00f8dg\u00e5rd fra DF vraget en r\u00e6kke kandidater til regeringens v\u00e6rdikommission. En af dem er Klavs Birkholm, som ikke fandt [&hellip;]<\/p>\n","protected":false},"author":10,"featured_media":0,"comment_status":"open","ping_status":"closed","sticky":false,"template":"","format":"standard","meta":{"footnotes":""},"categories":[1],"tags":[],"class_list":["post-17639","post","type-post","status-publish","format-standard","hentry","category-df-nyt-dk"],"_links":{"self":[{"href":"https:\/\/df-nyt.dk\/blog\/wp-json\/wp\/v2\/posts\/17639","targetHints":{"allow":["GET"]}}],"collection":[{"href":"https:\/\/df-nyt.dk\/blog\/wp-json\/wp\/v2\/posts"}],"about":[{"href":"https:\/\/df-nyt.dk\/blog\/wp-json\/wp\/v2\/types\/post"}],"author":[{"embeddable":true,"href":"https:\/\/df-nyt.dk\/blog\/wp-json\/wp\/v2\/users\/10"}],"replies":[{"embeddable":true,"href":"https:\/\/df-nyt.dk\/blog\/wp-json\/wp\/v2\/comments?post=17639"}],"version-history":[{"count":0,"href":"https:\/\/df-nyt.dk\/blog\/wp-json\/wp\/v2\/posts\/17639\/revisions"}],"wp:attachment":[{"href":"https:\/\/df-nyt.dk\/blog\/wp-json\/wp\/v2\/media?parent=17639"}],"wp:term":[{"taxonomy":"category","embeddable":true,"href":"https:\/\/df-nyt.dk\/blog\/wp-json\/wp\/v2\/categories?post=17639"},{"taxonomy":"post_tag","embeddable":true,"href":"https:\/\/df-nyt.dk\/blog\/wp-json\/wp\/v2\/tags?post=17639"}],"curies":[{"name":"wp","href":"https:\/\/api.w.org\/{rel}","templated":true}]}}