{"id":17646,"date":"2011-03-09T13:36:32","date_gmt":"2011-03-09T12:36:32","guid":{"rendered":"http:\/\/df-nyt.dk\/?p=17646"},"modified":"2025-07-10T23:53:24","modified_gmt":"2025-07-10T21:53:24","slug":"fremtraedende-medlem-af-dansk-folkeparti-forlader-partiet","status":"publish","type":"post","link":"https:\/\/df-nyt.dk\/blog\/fremtraedende-medlem-af-dansk-folkeparti-forlader-partiet\/","title":{"rendered":"Fremtr\u00e6dende medlem af Dansk Folkeparti forlader partiet"},"content":{"rendered":"<p><img loading=\"lazy\" decoding=\"async\" class=\"alignleft size-full wp-image-17647\" title=\"090320111328\" src=\"http:\/\/df-nyt.dk\/\/wp-content\/uploads\/090320111328.png\" alt=\"\" width=\"196\" height=\"178\" \/><\/p>\n<p>Fremtr\u00e6dende medlem af Dansk Folkeparti forlader partiet\u00a0<\/p>\n<p>Med et par m\u00e5neders pause<br \/>\nUden egentlige v\u00e6rdige kandidater til DF-NYTs h\u00e6drestitel,<br \/>\nM\u00e5nedens DF&#8217;er, &#8211; kan jeg idag gl\u00e6der mig over, at en v\u00e6rdig kandidat endelig kommer p\u00e5 banen<br \/>\n\/\/jp.dk:80\/indland\/indland_politik\/article2363282.ece&#8221;<\/p>\n<p>Anna Rosbach &#8211; Marts m\u00e5neds DF&#8217;er 2011.<br \/>\nJeg vil derfor her byde Anna Rosbach hjertelig velkommen,<br \/>\nsamt \u00f8nske hende tillykke med den nye fornemme titel &#8211;<br \/>\nog sin nye status som ex-DF&#8217;er.<\/p>\n<p>Med Anna Rosbachs udmeldelse af Dansk Folkeparti har partiet samtidigt mistet<br \/>\nhalvdelen af sin EU-gruppe i Europaparlamentet.<\/p>\n<p>Hun tr\u00e6der i stedet et skridt ind mod den politiske midte og tager nu plads i den EU-skeptiske konservative gruppe, hvor de britiske David Cameron-st\u00f8tter ogs\u00e5 sidder.<\/p>\n<p>Tilbage &#8211; ensomt og forladt, sidder kun Morten Messerschmidt.<\/p>\n<p>For yderlig l\u00e6sning.<\/p>\n<p><a href=\"http:\/\/df-nyt.dk\/?p=12715\" target=\"_blank\" rel=\"noopener\"><span style=\"text-decoration: underline;\">Norddjurs: Kommunalbestyrelsesmedlem melder sig ud af Dansk Folkeparti<\/span><\/a><br \/>\n&nbsp;<\/p>\n","protected":false},"excerpt":{"rendered":"<p>Fremtr\u00e6dende medlem af Dansk Folkeparti forlader partiet\u00a0 Med et par m\u00e5neders pause Uden egentlige v\u00e6rdige kandidater til DF-NYTs h\u00e6drestitel, M\u00e5nedens DF&#8217;er, &#8211; kan jeg idag gl\u00e6der mig over, at en v\u00e6rdig kandidat endelig kommer p\u00e5 banen \/\/jp.dk:80\/indland\/indland_politik\/article2363282.ece&#8221; Anna Rosbach &#8211; Marts m\u00e5neds DF&#8217;er 2011. Jeg vil derfor her byde Anna Rosbach hjertelig velkommen, samt \u00f8nske [&hellip;]<\/p>\n","protected":false},"author":10,"featured_media":0,"comment_status":"open","ping_status":"closed","sticky":false,"template":"","format":"standard","meta":{"footnotes":""},"categories":[1],"tags":[],"class_list":["post-17646","post","type-post","status-publish","format-standard","hentry","category-df-nyt-dk"],"_links":{"self":[{"href":"https:\/\/df-nyt.dk\/blog\/wp-json\/wp\/v2\/posts\/17646","targetHints":{"allow":["GET"]}}],"collection":[{"href":"https:\/\/df-nyt.dk\/blog\/wp-json\/wp\/v2\/posts"}],"about":[{"href":"https:\/\/df-nyt.dk\/blog\/wp-json\/wp\/v2\/types\/post"}],"author":[{"embeddable":true,"href":"https:\/\/df-nyt.dk\/blog\/wp-json\/wp\/v2\/users\/10"}],"replies":[{"embeddable":true,"href":"https:\/\/df-nyt.dk\/blog\/wp-json\/wp\/v2\/comments?post=17646"}],"version-history":[{"count":4,"href":"https:\/\/df-nyt.dk\/blog\/wp-json\/wp\/v2\/posts\/17646\/revisions"}],"predecessor-version":[{"id":98061,"href":"https:\/\/df-nyt.dk\/blog\/wp-json\/wp\/v2\/posts\/17646\/revisions\/98061"}],"wp:attachment":[{"href":"https:\/\/df-nyt.dk\/blog\/wp-json\/wp\/v2\/media?parent=17646"}],"wp:term":[{"taxonomy":"category","embeddable":true,"href":"https:\/\/df-nyt.dk\/blog\/wp-json\/wp\/v2\/categories?post=17646"},{"taxonomy":"post_tag","embeddable":true,"href":"https:\/\/df-nyt.dk\/blog\/wp-json\/wp\/v2\/tags?post=17646"}],"curies":[{"name":"wp","href":"https:\/\/api.w.org\/{rel}","templated":true}]}}