{"id":17655,"date":"2011-03-09T15:09:56","date_gmt":"2011-03-09T14:09:56","guid":{"rendered":"http:\/\/df-nyt.dk\/?p=17655"},"modified":"2017-08-31T09:34:07","modified_gmt":"2017-08-31T07:34:07","slug":"nedlaeg-integrationsministeriet-%e2%80%93-fremmedhadernes-h%c3%b8jborg","status":"publish","type":"post","link":"https:\/\/df-nyt.dk\/blog\/nedlaeg-integrationsministeriet-%e2%80%93-fremmedhadernes-h%c3%b8jborg\/","title":{"rendered":"Nedl\u00e6g Integrationsministeriet \u2013 fremmedhadernes h\u00f8jborg"},"content":{"rendered":"<p><a href=\"https:\/\/df-nyt.dk\/blog\/wp-content\/uploads\/090320111508.png\"><img loading=\"lazy\" decoding=\"async\" class=\"alignleft size-full wp-image-17656\" title=\"090320111508\" src=\"https:\/\/df-nyt.dk\/blog\/wp-content\/uploads\/090320111508.png\" alt=\"\" width=\"173\" height=\"172\" srcset=\"https:\/\/df-nyt.dk\/blog\/wp-content\/uploads\/090320111508.png 173w, https:\/\/df-nyt.dk\/blog\/wp-content\/uploads\/090320111508-150x150.png 150w\" sizes=\"auto, (max-width: 173px) 100vw, 173px\" \/><\/a><\/p>\n<p><strong>Nedl\u00e6g Integrationsministeriet \u2013 fremmedhadernes h\u00f8jborg<\/strong><\/p>\n<p>Danske fremmedhadere har de sidste ti \u00e5r med fast adresse i Integrationsministeriet f\u00f8rt hetz mod flygtninge og udl\u00e6ndinge.<\/p>\n<p>Derfor nedl\u00e6g deres h\u00f8jborg Integrationsministeriet og stop hetzen mod flygtninge og udl\u00e6ndinge i Danmark.<\/p>\n<p>I mere end ti \u00e5r har den konservativ-liberale regeringen sammen med Dansk Folkeparti s\u00f8rget for at indarbejde og fremme en lovgivning der bygger p\u00e5 deres egne fremmedfjendske holdninger og v\u00e6rdier.<\/p>\n<p>Integrationsministeriet har i alle disse \u00e5r v\u00e6ret deres h\u00f8jborg.<\/p>\n<p>Stedet hvorfra der f\u00f8res hetz mod flygtninge og udl\u00e6ndinge pakket ind i floskler om kultur og v\u00e6rdikamp.<\/p>\n<p>Og det var for at beskytte de fremmedfjendske v\u00e6rdier, at den nu forhenv\u00e6rende integrationsminister Birthe R\u00f8nn Hornbech deltog i overgreb p\u00e5 flygtninges og statsl\u00f8ses rettigheder.<\/p>\n<p><strong>Skriver Margrethe S. Hansen p\u00e5<a href=\"http:\/\/p77.dk\/blogs\/shansen\/454-nedlaeg-integrationsministeriet-fremmedhadernes-hojborg\" target=\"_blank\" rel=\"noopener\"> NetAvisen P77 .<\/a> . .<span style=\"text-decoration: underline;\"> <a href=\"http:\/\/p77.dk\/blogs\/shansen\/454-nedlaeg-integrationsministeriet-fremmedhadernes-hojborg\">L\u00e6s mere &#8230;HER<\/a><\/span><\/strong><\/p>\n<p><strong>L\u00e6s ogs\u00e5:<\/strong><\/p>\n<p><strong><a href=\"http:\/\/df-nyt.dk\/?p=17582\" target=\"_blank\" rel=\"noopener\"><span style=\"text-decoration: underline;\">K\u00e6re Jette Plesner Dali folketingskandidat for DF<\/span> <\/a><\/strong><\/p>\n<p><strong>********************************************************<\/strong><\/p>\n","protected":false},"excerpt":{"rendered":"<p>Nedl\u00e6g Integrationsministeriet \u2013 fremmedhadernes h\u00f8jborg Danske fremmedhadere har de sidste ti \u00e5r med fast adresse i Integrationsministeriet f\u00f8rt hetz mod flygtninge og udl\u00e6ndinge. Derfor nedl\u00e6g deres h\u00f8jborg Integrationsministeriet og stop hetzen mod flygtninge og udl\u00e6ndinge i Danmark. I mere end ti \u00e5r har den konservativ-liberale regeringen sammen med Dansk Folkeparti s\u00f8rget for at indarbejde og [&hellip;]<\/p>\n","protected":false},"author":10,"featured_media":0,"comment_status":"open","ping_status":"closed","sticky":false,"template":"","format":"standard","meta":{"footnotes":""},"categories":[1],"tags":[],"class_list":["post-17655","post","type-post","status-publish","format-standard","hentry","category-df-nyt-dk"],"_links":{"self":[{"href":"https:\/\/df-nyt.dk\/blog\/wp-json\/wp\/v2\/posts\/17655","targetHints":{"allow":["GET"]}}],"collection":[{"href":"https:\/\/df-nyt.dk\/blog\/wp-json\/wp\/v2\/posts"}],"about":[{"href":"https:\/\/df-nyt.dk\/blog\/wp-json\/wp\/v2\/types\/post"}],"author":[{"embeddable":true,"href":"https:\/\/df-nyt.dk\/blog\/wp-json\/wp\/v2\/users\/10"}],"replies":[{"embeddable":true,"href":"https:\/\/df-nyt.dk\/blog\/wp-json\/wp\/v2\/comments?post=17655"}],"version-history":[{"count":0,"href":"https:\/\/df-nyt.dk\/blog\/wp-json\/wp\/v2\/posts\/17655\/revisions"}],"wp:attachment":[{"href":"https:\/\/df-nyt.dk\/blog\/wp-json\/wp\/v2\/media?parent=17655"}],"wp:term":[{"taxonomy":"category","embeddable":true,"href":"https:\/\/df-nyt.dk\/blog\/wp-json\/wp\/v2\/categories?post=17655"},{"taxonomy":"post_tag","embeddable":true,"href":"https:\/\/df-nyt.dk\/blog\/wp-json\/wp\/v2\/tags?post=17655"}],"curies":[{"name":"wp","href":"https:\/\/api.w.org\/{rel}","templated":true}]}}