{"id":17659,"date":"2011-03-09T15:45:45","date_gmt":"2011-03-09T14:45:45","guid":{"rendered":"http:\/\/df-nyt.dk\/?p=17659"},"modified":"2025-06-21T23:19:10","modified_gmt":"2025-06-21T21:19:10","slug":"att-ministeren-for-flygtninge-indvandrere-og-integration-s%c3%b8ren-pind","status":"publish","type":"post","link":"https:\/\/df-nyt.dk\/blog\/att-ministeren-for-flygtninge-indvandrere-og-integration-s%c3%b8ren-pind\/","title":{"rendered":"Att: Ministeren for Flygtninge, Indvandrere og Integration, S\u00f8ren Pind."},"content":{"rendered":"<p><img loading=\"lazy\" decoding=\"async\" class=\"alignleft  \" title=\"090320111540\" src=\"https:\/\/df-nyt.dk\/blog\/wp-content\/uploads\/090320111540.png\" alt=\"\" width=\"226\" height=\"191\" \/><\/p>\n<p>Flg. mail er d.d. afsendt til inm at inm.dk.<\/p>\n<p>Af Marianne M. Rosengren Pacarada<\/p>\n<p>\u201cAtt: Ministeren for Flygtninge, Indvandrere og Integration, S\u00f8ren Pind<\/p>\n<p>Jeg \u00f8nsker at f\u00e5 afklaret, om ministeren har misforst\u00e5et begreberne \u201dAssimilation\u201d og \u201dLiberalisme\u201d<\/p>\n<p>Kort beskrevet:<br \/>\nKulturel assimilation forst\u00e5s som en minoritet, der, gradvist, tilpasser sig det dominerende samfund og, gradvist, overtager dets vaner.<\/p>\n<p>Man skal desuden v\u00e6re adopteret for at opn\u00e5 en hurtig og tiln\u00e6rmelsesvis fuldst\u00e6ndig assimilering, fordi vaner og traditioner grundl\u00e6gges fra barnsben af den \u00e6ldre generation af familien.<\/p>\n<p>Og selv der opst\u00e5r der vanskeligheder, dels fordi en evt. anderledes hudfarve er s\u00e6rdeles sv\u00e6r at skifte, hvilket pt. fastholder mennesker i en minoritet i det danske samfund, uagtet viljen til at blive inkluderet hos majoriteten; dels fordi der hos mennesket ligger et latent behov for kendskab til egen oprindelse.<\/p>\n<p>Desuden er det sv\u00e6rt at optage kultur og tradition fra et land, der indbyrdes ikke kan finde enighed i, hvad disse indeb\u00e6rer.<\/p>\n<p>Der er derfor forskel p\u00e5 at have respekt og vilje til at indg\u00e5 i et samfund, og s\u00e5 til at aflevere al kulturel og historisk bagage ved gr\u00e6nsen til et land.<\/p>\n<p>Et land der reelt s\u00f8ger at begr\u00e6nse alle fors\u00f8g p\u00e5 integrering, assimilering og vilje til inklusion.<\/p>\n<p>Og det bringer mig til begrebet \u201dLiberalisme\u201d.<br \/>\nPolitisk og filosofisk liberalisme byder, at Staten begr\u00e6nses i evt. fors\u00f8g p\u00e5 at indskr\u00e6nke borgerens frihedsrettigheder.<\/p>\n<p>Den kan ikke begr\u00e6nses til kun at d\u00e6kke en \u00f8konomisk proces, da den i h\u00f8j grad ogs\u00e5 d\u00e6kker sociale processer.<\/p>\n<p>Ej heller kan \u201dliberalisme\u201d begr\u00e6nses til kun at inkludere en gruppe, da rationalet d\u00e6kker alle af princip.<\/p>\n<p>Derfor forst\u00e5r jeg ikke, at ministeren betegner sig selv som \u2019liberal\u2019 (jeg har s\u00e5gar set ministeren blive omtalt af sine f\u00e6ller som \u2019ultraliberal\u2019), n\u00e5r han samtidig forsvarer et krav om assimilation?<\/p>\n<p>Hvordan forholder ministeren sig til paradigmet?<\/p>\n<p>Mvh.<br \/>\n<em>Marianne M. Rosengren Pacarada<\/em><\/p>\n<p><a href=\"https:\/\/mihanep.urbanblog.dk\/2011\/03\/09\/att-ministeren-for-flygtninge-indvandrere-og-integration-s%c3%b8ren-pind\/\"><strong><span style=\"text-decoration: underline;\">L\u00e6s mere p\u00e5 mihanep &#8230;DER <\/span><\/strong><\/a><\/p>\n<p>Medens vi venter p\u00e5 et svar&#8230;<\/p>\n<p>L\u00e6s:<br \/>\n<a href=\"http:\/\/df-nyt.dk\/?p=17655\"><span style=\"text-decoration: underline;\">Nedl\u00e6g Integrationsministeriet \u2013 fremmedhadernes h\u00f8jborg <\/span><\/a><\/p>\n<p><a href=\"http:\/\/df-nyt.dk\/?p=17582\"><span style=\"text-decoration: underline;\">K\u00e6re Jette Plesner Dali folketingskandidat for Dansk Folkeparti <\/span><\/a><br \/>\n&nbsp;<\/p>\n","protected":false},"excerpt":{"rendered":"<p>Flg. mail er d.d. afsendt til inm at inm.dk. Af Marianne M. Rosengren Pacarada \u201cAtt: Ministeren for Flygtninge, Indvandrere og Integration, S\u00f8ren Pind Jeg \u00f8nsker at f\u00e5 afklaret, om ministeren har misforst\u00e5et begreberne \u201dAssimilation\u201d og \u201dLiberalisme\u201d Kort beskrevet: Kulturel assimilation forst\u00e5s som en minoritet, der, gradvist, tilpasser sig det dominerende samfund og, gradvist, overtager dets [&hellip;]<\/p>\n","protected":false},"author":10,"featured_media":0,"comment_status":"open","ping_status":"closed","sticky":false,"template":"","format":"standard","meta":{"footnotes":""},"categories":[1],"tags":[],"class_list":["post-17659","post","type-post","status-publish","format-standard","hentry","category-df-nyt-dk"],"_links":{"self":[{"href":"https:\/\/df-nyt.dk\/blog\/wp-json\/wp\/v2\/posts\/17659","targetHints":{"allow":["GET"]}}],"collection":[{"href":"https:\/\/df-nyt.dk\/blog\/wp-json\/wp\/v2\/posts"}],"about":[{"href":"https:\/\/df-nyt.dk\/blog\/wp-json\/wp\/v2\/types\/post"}],"author":[{"embeddable":true,"href":"https:\/\/df-nyt.dk\/blog\/wp-json\/wp\/v2\/users\/10"}],"replies":[{"embeddable":true,"href":"https:\/\/df-nyt.dk\/blog\/wp-json\/wp\/v2\/comments?post=17659"}],"version-history":[{"count":3,"href":"https:\/\/df-nyt.dk\/blog\/wp-json\/wp\/v2\/posts\/17659\/revisions"}],"predecessor-version":[{"id":108148,"href":"https:\/\/df-nyt.dk\/blog\/wp-json\/wp\/v2\/posts\/17659\/revisions\/108148"}],"wp:attachment":[{"href":"https:\/\/df-nyt.dk\/blog\/wp-json\/wp\/v2\/media?parent=17659"}],"wp:term":[{"taxonomy":"category","embeddable":true,"href":"https:\/\/df-nyt.dk\/blog\/wp-json\/wp\/v2\/categories?post=17659"},{"taxonomy":"post_tag","embeddable":true,"href":"https:\/\/df-nyt.dk\/blog\/wp-json\/wp\/v2\/tags?post=17659"}],"curies":[{"name":"wp","href":"https:\/\/api.w.org\/{rel}","templated":true}]}}