{"id":17708,"date":"2011-03-10T09:01:35","date_gmt":"2011-03-10T08:01:35","guid":{"rendered":"http:\/\/df-nyt.dk\/?p=17708"},"modified":"2018-06-29T20:45:46","modified_gmt":"2018-06-29T18:45:46","slug":"r-pinds-udtalelser-om-integration-skraemmer","status":"publish","type":"post","link":"https:\/\/df-nyt.dk\/blog\/r-pinds-udtalelser-om-integration-skraemmer\/","title":{"rendered":"R: Pinds udtalelser om integration skr\u00e6mmer"},"content":{"rendered":"<p><strong>R: Pinds udtalelser om integration skr\u00e6mmer<\/strong><\/p>\n<p><a href=\"https:\/\/df-nyt.dk\/blog\/wp-content\/uploads\/260120142223.png\"><img loading=\"lazy\" decoding=\"async\" class=\"aligncenter size-full wp-image-56902\" src=\"https:\/\/df-nyt.dk\/blog\/wp-content\/uploads\/260120142223.png\" alt=\"260120142223\" width=\"259\" height=\"94\" \/><\/a><\/p>\n<p>Allerede p\u00e5 dag 1 som integrationsminister kommer S\u00f8ren Pind med udtalelser, der ikke tegner godt for integrationen i Danmark.<\/p>\n<p>Skrive de radikale i en pressemeddelse &#8211; Og \u00a0forts\u00e6tter.<\/p>\n<p>Han siger blandt andet, at udl\u00e6ndinge skal assimileres i det danske samfund.<\/p>\n<p>B\u00e5de hans sprogbrug og den v\u00e6rdipolitiske tilgang er dybt problematisk, mener Marianne Jelved, Radikale Venstres integrationsordf\u00f8rer.<\/p>\n<p>&#8220;S\u00f8ren Pinds udtalelser om at udl\u00e6ndinge skal assimileres i det danske samfund skr\u00e6mmer.<\/p>\n<p>Ord skaber, hvad det n\u00e6vner.<\/p>\n<p>Valg af ord har stor v\u00e6rdi &#8211; ogs\u00e5 i integrationsdebatten og specielt, n\u00e5r det er en minister, der udtaler sig.<\/p>\n<p>Det er langt fra uv\u00e6sentligt og ikke bare et spil om ord, som han ellers fors\u00f8ger at nedtone debatten med,&#8221; siger Marianne Jelved, Radikale Venstres integrationsordf\u00f8rer.<\/p>\n<p>&#8220;Ud over ordvalget findes der ogs\u00e5 en dybere v\u00e6rdidebat, der handler om Pinds forst\u00e5else for integration.<\/p>\n<p>Der er ikke meget personlig frihed ved at have et tankepoliti, der skal kontrollere, om vi t\u00e6nker p\u00e5 samme m\u00e5de som S\u00f8ren Pind.<\/p>\n<p>Det virker, som om ministeren er ude i det stik modsatte af en frihedskamp,&#8221; siger Marianne Jelved.<\/p>\n<p>&#8220;Det er slet, slet ikke den vej, vi skal.<br \/>\nVi skal tv\u00e6rtimod bygge bro og skabe f\u00e6llesskaber.<br \/>\nDe, der bor i Danmark, skal selvf\u00f8lgelig leve op til de v\u00e6rdier, som det danske demokrati bygger p\u00e5:<br \/>\nLigev\u00e6rd, ligestilling og de \u00f8vrige frihedsrettigheder.<br \/>\nDen personlige frihed er ukr\u00e6nkelig.&#8221; siger Marianne Jelved. If\u00f8lge en pressemeddelse.<\/p>\n<p><a href=\"http:\/\/www.radikale.dk\/\" target=\"_blank\"><span style=\"text-decoration: underline;\"><strong><br \/>\nL\u00e6s flere nyheder &#8230;HER<\/strong><\/span><\/a><\/p>\n<p>&nbsp;<\/p>\n","protected":false},"excerpt":{"rendered":"<p>R: Pinds udtalelser om integration skr\u00e6mmer Allerede p\u00e5 dag 1 som integrationsminister kommer S\u00f8ren Pind med udtalelser, der ikke tegner godt for integrationen i Danmark. Skrive de radikale i en pressemeddelse &#8211; Og \u00a0forts\u00e6tter. Han siger blandt andet, at udl\u00e6ndinge skal assimileres i det danske samfund. B\u00e5de hans sprogbrug og den v\u00e6rdipolitiske tilgang er dybt [&hellip;]<\/p>\n","protected":false},"author":10,"featured_media":0,"comment_status":"open","ping_status":"closed","sticky":false,"template":"","format":"standard","meta":{"footnotes":""},"categories":[1],"tags":[],"class_list":["post-17708","post","type-post","status-publish","format-standard","hentry","category-df-nyt-dk"],"_links":{"self":[{"href":"https:\/\/df-nyt.dk\/blog\/wp-json\/wp\/v2\/posts\/17708","targetHints":{"allow":["GET"]}}],"collection":[{"href":"https:\/\/df-nyt.dk\/blog\/wp-json\/wp\/v2\/posts"}],"about":[{"href":"https:\/\/df-nyt.dk\/blog\/wp-json\/wp\/v2\/types\/post"}],"author":[{"embeddable":true,"href":"https:\/\/df-nyt.dk\/blog\/wp-json\/wp\/v2\/users\/10"}],"replies":[{"embeddable":true,"href":"https:\/\/df-nyt.dk\/blog\/wp-json\/wp\/v2\/comments?post=17708"}],"version-history":[{"count":2,"href":"https:\/\/df-nyt.dk\/blog\/wp-json\/wp\/v2\/posts\/17708\/revisions"}],"predecessor-version":[{"id":97433,"href":"https:\/\/df-nyt.dk\/blog\/wp-json\/wp\/v2\/posts\/17708\/revisions\/97433"}],"wp:attachment":[{"href":"https:\/\/df-nyt.dk\/blog\/wp-json\/wp\/v2\/media?parent=17708"}],"wp:term":[{"taxonomy":"category","embeddable":true,"href":"https:\/\/df-nyt.dk\/blog\/wp-json\/wp\/v2\/categories?post=17708"},{"taxonomy":"post_tag","embeddable":true,"href":"https:\/\/df-nyt.dk\/blog\/wp-json\/wp\/v2\/tags?post=17708"}],"curies":[{"name":"wp","href":"https:\/\/api.w.org\/{rel}","templated":true}]}}