{"id":17786,"date":"2011-03-11T17:32:46","date_gmt":"2011-03-11T16:32:46","guid":{"rendered":"http:\/\/df-nyt.dk\/?p=17786"},"modified":"2025-07-10T19:56:45","modified_gmt":"2025-07-10T17:56:45","slug":"h%c3%b8jreekstremistiske-tosse-planlagt-bombeattentat","status":"publish","type":"post","link":"https:\/\/df-nyt.dk\/blog\/h%c3%b8jreekstremistiske-tosse-planlagt-bombeattentat\/","title":{"rendered":"H\u00f8jreekstremistisk tosse planlage bombeattentat"},"content":{"rendered":"<p><img loading=\"lazy\" decoding=\"async\" src=\"https:\/\/df-nyt.dk\/wp-content\/uploads\/110320111700.png\" alt=\"\" width=\"219\" height=\"154\" class=\"alignleft size-full \" \/><br \/>\nH\u00f8jreekstremistisk tosse planlage bombeattentat<\/p>\n<p>En mand blev anholdt onsdag.<br \/>\nHan er mist\u00e6nkt for at have placeret en bombe langs paraderuten i Spokane, i delstaten Washington, USA, &#8211; ved fejringen af Martin Luther King Day den 17. januar i \u00e5r.<\/p>\n<p>If\u00f8lge FBI, har den 36-\u00e5rige mand i forbindelse til den neo-nazistiske gruppe National Alliance, &#8211;<br \/>\nder ligesom Danmarks Nationale Front bruger Algiz-runen i sit logo.<\/p>\n<p><img loading=\"lazy\" decoding=\"async\" src=\"https:\/\/df-nyt.dk\/wp-content\/uploads\/110320111658.png\" alt=\"\" width=\"166\" height=\"131\" class=\"alignleft size-full \" \/><\/p>\n<p>Bomben var placeret i en rygs\u00e6k &#8211; og den blev uskadeliggjort, f\u00f8r den detonerede. If\u00f8lge de ansvarlige FBI-officerer var den meget avanceret og kunne udl\u00f8ses ved fjernbetjening. Bomben indeholdte en blanding af metalsplinter og rottegift, der ofte ses i forbindelse med hjemmelavede bomber, da sidstn\u00e6vnte kan hindrer offernes blod i at st\u00f8rkne. If\u00f8lge talsmanden fra FBI, Frank Harill, var det tydeligvis hensigten var at dr\u00e6be og skade flest muligt.<\/p>\n<p>Formentlig har den 36-\u00e5rige ikke handle alene, og man forventer flere anholdelser i den kommende tid.<\/p>\n<p>Den Nationale Alliance blev dannet i februar 1974 og var en af de mest fremtr\u00e6dende hadegrupper i USA i \u00e5rtier. Men da grundl\u00e6ggeren William Pierce d\u00f8de i 2002, gik gruppen i delvis opl\u00f8sning. skriver EXPO &#8211; Du kan l\u00e6se mere DER<br \/>\n\/\/expo.se:80\/2011\/hogerextremist-planerade-bombattentat_3817.html&#8221;<\/p>\n<p>If\u00f8lge Wikipedia er, The National Alliance, en amerikansk nazistisk organisation, stiftet af Dr. William Pierce.<\/p>\n<p>Organisationen er stor i USA, og den har afdelinger flere steder i verden. The National Alliances st\u00f8rste indt\u00e6gtskilde er pladeselskabet kaldet Resistance Records, der s\u00e6lger &#8220;white power rock&#8221; over internettet.<\/p>\n<p>Organisationen har egen radiokanal, American Dissident Voices, og den udgiver magasinerne National Vanguard og Free Speech. Skriver Wikipedia<\/p>\n<p>Reference<br \/>\n\/\/da.wikipedia.org\/wiki\/National_Alliance_(USA)<br \/>\n\/\/expo.se:80\/2011\/hogerextremist-planerade-bombattentat<\/p>\n<p>For yderlig l\u00e6sning<br \/>\n&nbsp;<br \/>\n<a href=\"https:\/\/df-nyt.dk\/?p=9509\/\" target=\"_blank\" rel=\"noopener noreferrer\"><span style=\"text-decoration: underline;\">Mediebl\u00e6st omkring SIOA og Anders Gravers <\/span><\/a><br \/>\n&nbsp;<br \/>\n<a href=\"https:\/\/df-nyt.dk\/?p=17132\/\" target=\"_blank\" rel=\"noopener noreferrer\"><span style=\"text-decoration: underline;\">SIOA er en Hate Group og p\u00e5 samme liste som Ku Klux Klan<\/span><\/a><br \/>\n&nbsp;<br \/>\n<a href=\"https:\/\/df-nyt.dk\/?p=10849\/\" target=\"_blank\" rel=\"noopener noreferrer\"><span style=\"text-decoration: underline;\">Had=Racisme=Anders Gravers Pedersen=SIAD Stop Islamiseringen Af Danmark<\/span><\/a><br \/>\n&nbsp;<\/p>\n","protected":false},"excerpt":{"rendered":"<p>H\u00f8jreekstremistisk tosse planlage bombeattentat En mand blev anholdt onsdag. Han er mist\u00e6nkt for at have placeret en bombe langs paraderuten i Spokane, i delstaten Washington, USA, &#8211; ved fejringen af Martin Luther King Day den 17. januar i \u00e5r. If\u00f8lge FBI, har den 36-\u00e5rige mand i forbindelse til den neo-nazistiske gruppe National Alliance, &#8211; der [&hellip;]<\/p>\n","protected":false},"author":10,"featured_media":0,"comment_status":"open","ping_status":"closed","sticky":false,"template":"","format":"standard","meta":{"footnotes":""},"categories":[1],"tags":[],"class_list":["post-17786","post","type-post","status-publish","format-standard","hentry","category-df-nyt-dk"],"_links":{"self":[{"href":"https:\/\/df-nyt.dk\/blog\/wp-json\/wp\/v2\/posts\/17786","targetHints":{"allow":["GET"]}}],"collection":[{"href":"https:\/\/df-nyt.dk\/blog\/wp-json\/wp\/v2\/posts"}],"about":[{"href":"https:\/\/df-nyt.dk\/blog\/wp-json\/wp\/v2\/types\/post"}],"author":[{"embeddable":true,"href":"https:\/\/df-nyt.dk\/blog\/wp-json\/wp\/v2\/users\/10"}],"replies":[{"embeddable":true,"href":"https:\/\/df-nyt.dk\/blog\/wp-json\/wp\/v2\/comments?post=17786"}],"version-history":[{"count":7,"href":"https:\/\/df-nyt.dk\/blog\/wp-json\/wp\/v2\/posts\/17786\/revisions"}],"predecessor-version":[{"id":108887,"href":"https:\/\/df-nyt.dk\/blog\/wp-json\/wp\/v2\/posts\/17786\/revisions\/108887"}],"wp:attachment":[{"href":"https:\/\/df-nyt.dk\/blog\/wp-json\/wp\/v2\/media?parent=17786"}],"wp:term":[{"taxonomy":"category","embeddable":true,"href":"https:\/\/df-nyt.dk\/blog\/wp-json\/wp\/v2\/categories?post=17786"},{"taxonomy":"post_tag","embeddable":true,"href":"https:\/\/df-nyt.dk\/blog\/wp-json\/wp\/v2\/tags?post=17786"}],"curies":[{"name":"wp","href":"https:\/\/api.w.org\/{rel}","templated":true}]}}