{"id":17804,"date":"2011-03-11T18:35:45","date_gmt":"2011-03-11T17:35:45","guid":{"rendered":"http:\/\/df-nyt.dk\/?p=17804"},"modified":"2025-09-14T08:22:33","modified_gmt":"2025-09-14T06:22:33","slug":"den-er-gal-med-hver-fjerde-afg%c3%b8relse-i-svendborg","status":"publish","type":"post","link":"https:\/\/df-nyt.dk\/blog\/den-er-gal-med-hver-fjerde-afg%c3%b8relse-i-svendborg\/","title":{"rendered":"Den er gal med hver fjerde afg\u00f8relse i Svendborg"},"content":{"rendered":"<p><img loading=\"lazy\" decoding=\"async\" class=\"alignleft size-full \" title=\"110320111832\" src=\"https:\/\/df-nyt.dk\/blog\/wp-content\/uploads\/110320111832.png\" alt=\"\" width=\"289\" height=\"203\" \/><\/p>\n<p>Utilfredsheden, som har med Jobcentret at g\u00f8re, er vokset eksplosivt.<\/p>\n<p>&#8216;Det fremg\u00e5r af antallet af klager til Besk\u00e6ftigelsesanken\u00e6vnet i Statsforvaltningen Syddanmark.<\/p>\n<p>N\u00e6sten dobbelt s\u00e5 mange klagede sidste \u00e5r over Jobcentrets og kommunens afg\u00f8relser.<\/p>\n<p>Helt pr\u00e6cis var antallet af klager over Svendborg sidste \u00e5r 84 procent h\u00f8jere end i 2009.<\/p>\n<p>Denne voldsomme stigning st\u00e5r i skarp kontrast til antallet af klager til Besk\u00e6ftigelsesanken\u00e6vnet fra de \u00f8vrige kommuner i Region Syddanmark.<\/p>\n<p>Der var der ogs\u00e5 en stigning \u2013 men samlet set kun p\u00e5 10 procent.<\/p>\n<p>Besk\u00e6ftigelsesanken\u00e6vnet afgjorde i 2010 ikke mindre end 349 klager over Svendborg Kommunes afg\u00f8relser.<\/p>\n<p>\u00c5ret f\u00f8r \u2013 i 2009 \u2013 var antallet af klagesager 190.<br \/>\nTallene fremg\u00e5r af \u00c5rsstatistikken for 2010 fra Besk\u00e6ftigelsesanken\u00e6vnet, der har til huse hos Statsforvaltningen Syddanmark i Aabenraa.<\/p>\n<p>Og de er n\u00e6vnt i et notat til et m\u00f8de i onsdags i Arbejdsmarkedsudvalget i Svendborg Kommune \u2013 et m\u00f8de, som tog de alarmerende tal til efterretning.<\/p>\n<p>De fleste af klagerne fra svendborgensere handler om stop for sygedagpenge.<\/p>\n<p>Det er 35 procent af de 349 klager.<br \/>\n23 procent af klagerne handler om Loven om Aktiv Socialpolitik, 21 procent handler om afg\u00f8relser i pensionssager og 19 procent handler om afg\u00f8relse efter loven om besk\u00e6ftigelsespolitik.&#8217;<\/p>\n<p>Skriver Frede Jakobsen p\u00e5 Svendborg NetAvis &#8230;<br \/>\n\/\/www.svendborgsnetavis.dk\/eksplosiv-stigning-i-klager-over-kommunen\/&#8221;<br \/>\n>Du kan l\u00e6se mere &#8230; der <\/p>\n<p>Jobcenter iscenes\u00e6tter egen udgave af teaterstykket<br \/>\n\u2018Mens vi venter p\u00e5 Godot\u2019<\/p>\n","protected":false},"excerpt":{"rendered":"<p>Utilfredsheden, som har med Jobcentret at g\u00f8re, er vokset eksplosivt. &#8216;Det fremg\u00e5r af antallet af klager til Besk\u00e6ftigelsesanken\u00e6vnet i Statsforvaltningen Syddanmark. N\u00e6sten dobbelt s\u00e5 mange klagede sidste \u00e5r over Jobcentrets og kommunens afg\u00f8relser. Helt pr\u00e6cis var antallet af klager over Svendborg sidste \u00e5r 84 procent h\u00f8jere end i 2009. Denne voldsomme stigning st\u00e5r i skarp [&hellip;]<\/p>\n","protected":false},"author":10,"featured_media":0,"comment_status":"open","ping_status":"closed","sticky":false,"template":"","format":"standard","meta":{"footnotes":""},"categories":[1],"tags":[],"class_list":["post-17804","post","type-post","status-publish","format-standard","hentry","category-df-nyt-dk"],"_links":{"self":[{"href":"https:\/\/df-nyt.dk\/blog\/wp-json\/wp\/v2\/posts\/17804","targetHints":{"allow":["GET"]}}],"collection":[{"href":"https:\/\/df-nyt.dk\/blog\/wp-json\/wp\/v2\/posts"}],"about":[{"href":"https:\/\/df-nyt.dk\/blog\/wp-json\/wp\/v2\/types\/post"}],"author":[{"embeddable":true,"href":"https:\/\/df-nyt.dk\/blog\/wp-json\/wp\/v2\/users\/10"}],"replies":[{"embeddable":true,"href":"https:\/\/df-nyt.dk\/blog\/wp-json\/wp\/v2\/comments?post=17804"}],"version-history":[{"count":2,"href":"https:\/\/df-nyt.dk\/blog\/wp-json\/wp\/v2\/posts\/17804\/revisions"}],"predecessor-version":[{"id":108275,"href":"https:\/\/df-nyt.dk\/blog\/wp-json\/wp\/v2\/posts\/17804\/revisions\/108275"}],"wp:attachment":[{"href":"https:\/\/df-nyt.dk\/blog\/wp-json\/wp\/v2\/media?parent=17804"}],"wp:term":[{"taxonomy":"category","embeddable":true,"href":"https:\/\/df-nyt.dk\/blog\/wp-json\/wp\/v2\/categories?post=17804"},{"taxonomy":"post_tag","embeddable":true,"href":"https:\/\/df-nyt.dk\/blog\/wp-json\/wp\/v2\/tags?post=17804"}],"curies":[{"name":"wp","href":"https:\/\/api.w.org\/{rel}","templated":true}]}}