{"id":17811,"date":"2011-03-11T18:58:29","date_gmt":"2011-03-11T17:58:29","guid":{"rendered":"http:\/\/df-nyt.dk\/?p=17811"},"modified":"2018-05-02T14:56:42","modified_gmt":"2018-05-02T12:56:42","slug":"det-vrimler-med-soren-pind-kloner-pa-facebook","status":"publish","type":"post","link":"https:\/\/df-nyt.dk\/blog\/det-vrimler-med-soren-pind-kloner-pa-facebook\/","title":{"rendered":"Det vrimler med S\u00f8ren Pind kloner p\u00e5 Facebook"},"content":{"rendered":"<p><strong>Det vrimler med S\u00f8ren Pind kloner p\u00e5 Facebook<\/strong><\/p>\n<p><a href=\"https:\/\/df-nyt.dk\/blog\/wp-content\/uploads\/110320111853.png\"><img loading=\"lazy\" decoding=\"async\" class=\"alignleft size-full wp-image-17812\" title=\"110320111853\" src=\"https:\/\/df-nyt.dk\/blog\/wp-content\/uploads\/110320111853.png\" alt=\"\" width=\"247\" height=\"208\" \/><\/a><\/p>\n<p>P\u00e5 bare \u00e9n nat er der dukket over 900 kloner af S\u00f8ren Pind op p\u00e5 Facebook &#8211; i protest mod den ny integrationsministers udtalelser om, at nydanskere skal \u00bbassimileres\u00ab og ikke integreres.<\/p>\n<p>En facebookgruppe kaldet \u00bb<strong><span style=\"text-decoration: underline;\"><a href=\"http:\/\/www.facebook.com\/group.php?gid=121247621025#!\/event.php?eid=116072735137508\">Assimiler S\u00f8ren Pind, skift dit profilbilled<\/a><\/span><\/strong>e\u00ab har p\u00e5 en enkelt nat f\u00e5et over 900 danskere til at skifte deres profilfoto ud med et billede af den nye Integrationsminister S\u00f8ren Pind.<\/p>\n<p>Mange har ogs\u00e5 midlertidigt skiftet deres navn til S\u00f8ren Pind.<\/p>\n<p>Det vrimler kort sagt i disse timer med S\u00f8ren Pind-kloner p\u00e5 Facebook, og antallet stiger time for time.<\/p>\n<p>Facebook-gruppen forklarer, hvorfor den er oprettet:<\/p>\n<p>\u00bbVi vil gerne vise S\u00f8ren Pind hvor kedeligt et land er n\u00e5r alle er assimilerede.<\/p>\n<p>Derfor opfordrer vi alle til at skifte deres profilbillede ud med S\u00f8ren Pind.\u00ab<\/p>\n<p>Nogle af gruppens deltagere synes ikke bare det er kedeligt, men ogs\u00e5 forvirrende og lidt skr\u00e6mmende at se S\u00f8ren Pind rundt om p\u00e5 Facebook:<\/p>\n<p><strong>Skriver <\/strong>  <a href=\"http:\/\/p77.dk\/demokrati\/frihedsrettigheder\/456-det-vrimler-med-soren-pind-kloner-pa-facebook\" target=\"_blank\"><span style=\"text-decoration: underline;\"><strong>NetAvisen P77&#8230; Du kan l\u00e6se mere&#8230; HER<\/strong><\/span><\/a><\/p>\n<p><strong>L\u00e6s ogs\u00e5:<\/strong><\/p>\n<p><a href=\"http:\/\/df-nyt.dk\/?p=17659\" target=\"_blank\"><span style=\"text-decoration: underline;\"><strong>Att: Ministeren for Flygtninge, Indvandrere og Integration, S\u00f8ren Pind.<\/strong><\/span><\/a><\/p>\n<p>*******************<\/p>\n<p>&nbsp;<\/p>\n","protected":false},"excerpt":{"rendered":"<p>Det vrimler med S\u00f8ren Pind kloner p\u00e5 Facebook P\u00e5 bare \u00e9n nat er der dukket over 900 kloner af S\u00f8ren Pind op p\u00e5 Facebook &#8211; i protest mod den ny integrationsministers udtalelser om, at nydanskere skal \u00bbassimileres\u00ab og ikke integreres. En facebookgruppe kaldet \u00bbAssimiler S\u00f8ren Pind, skift dit profilbillede\u00ab har p\u00e5 en enkelt nat f\u00e5et [&hellip;]<\/p>\n","protected":false},"author":10,"featured_media":0,"comment_status":"open","ping_status":"closed","sticky":false,"template":"","format":"standard","meta":{"footnotes":""},"categories":[1],"tags":[],"class_list":["post-17811","post","type-post","status-publish","format-standard","hentry","category-df-nyt-dk"],"_links":{"self":[{"href":"https:\/\/df-nyt.dk\/blog\/wp-json\/wp\/v2\/posts\/17811","targetHints":{"allow":["GET"]}}],"collection":[{"href":"https:\/\/df-nyt.dk\/blog\/wp-json\/wp\/v2\/posts"}],"about":[{"href":"https:\/\/df-nyt.dk\/blog\/wp-json\/wp\/v2\/types\/post"}],"author":[{"embeddable":true,"href":"https:\/\/df-nyt.dk\/blog\/wp-json\/wp\/v2\/users\/10"}],"replies":[{"embeddable":true,"href":"https:\/\/df-nyt.dk\/blog\/wp-json\/wp\/v2\/comments?post=17811"}],"version-history":[{"count":2,"href":"https:\/\/df-nyt.dk\/blog\/wp-json\/wp\/v2\/posts\/17811\/revisions"}],"predecessor-version":[{"id":96860,"href":"https:\/\/df-nyt.dk\/blog\/wp-json\/wp\/v2\/posts\/17811\/revisions\/96860"}],"wp:attachment":[{"href":"https:\/\/df-nyt.dk\/blog\/wp-json\/wp\/v2\/media?parent=17811"}],"wp:term":[{"taxonomy":"category","embeddable":true,"href":"https:\/\/df-nyt.dk\/blog\/wp-json\/wp\/v2\/categories?post=17811"},{"taxonomy":"post_tag","embeddable":true,"href":"https:\/\/df-nyt.dk\/blog\/wp-json\/wp\/v2\/tags?post=17811"}],"curies":[{"name":"wp","href":"https:\/\/api.w.org\/{rel}","templated":true}]}}