{"id":17851,"date":"2011-03-12T12:46:47","date_gmt":"2011-03-12T11:46:47","guid":{"rendered":"http:\/\/df-nyt.dk\/?p=17851"},"modified":"2018-03-01T17:26:30","modified_gmt":"2018-03-01T16:26:30","slug":"r-forfaerdelig-naturkatastrofe-i-japan","status":"publish","type":"post","link":"https:\/\/df-nyt.dk\/blog\/r-forfaerdelig-naturkatastrofe-i-japan\/","title":{"rendered":"R: Forf\u00e6rdelig naturkatastrofe i Japan"},"content":{"rendered":"<p><strong>Fredag morgen dansk tid steg en 10 meter h\u00f8j tsunami op og ramte det nordlige Japan efter et voldsomt jordsk\u00e6lv i Stillehavet.<\/strong><\/p>\n<p>Skriver De Radikale i en pressemeddelse &#8211; Og forts\u00e6tter med f\u00f8lgende.<\/p>\n<p><strong>Tsunamien har skabt absolut kaos i omr\u00e5det med risiko for en atomulykke, og hundredvis meldes dr\u00e6bt p\u00e5 nuv\u00e6rende tidspunkt.<\/strong><\/p>\n<p>Det er forf\u00e6rdelige billeder fra Japan, som fremkalder uhyggelige minder fra katastrofen i Det Indiske Ocean i 2004, siger Margrethe Vestager, Radikale Venstres politiske leder.<\/p>\n<p>&#8220;Det er en tragedie, at s\u00e5 mange mennesker er omkommet, og risikoen for en atomkraftkatastrofe f\u00f8jer endnu et skr\u00e6kscenarium til &#8211; mange, mange mennesker kan ber\u00f8res,&#8221; siger Margrethe Vestager, Radikale Venstre politiske leder.<\/p>\n<p>&#8220;Det er forf\u00e6rdeligt at se naturkatastrofen i Japan udvikle sig fra time til time, og mine tanker g\u00e5r til det japansk folk.<\/p>\n<p>Der er endnu ikke et overblik over konsekvenserne, men vi skal under alle omst\u00e6ndigheder bist\u00e5 Japan og de andre ber\u00f8rte \u00f8er i Stillehavsomr\u00e5de med det forest\u00e5ende n\u00f8dhj\u00e6lpsarbejde og genopbygningsarbejde,&#8221; siger Margrethe Vestager.<\/p>\n<p>&#8220;Det er en tragisk begivenhed, der bringer minder frem fra katastrofen i 2004 i Det Indiske Ocean.<\/p>\n<p>Nu handler det om, at det internationale samfund st\u00e5r sammen og r\u00e6kker h\u00e5nden ud til de ber\u00f8rte omr\u00e5der,&#8221; siger Margrethe Vestager.<\/p>\n<p><a href=\"http:\/\/www.radikale.dk\"><span style=\"text-decoration: underline;\"><strong>L\u00e6s flere nyheder&#8230; HER<\/strong><\/span><\/a><\/p>\n<p><strong>************************* <\/strong><\/p>\n<p>&nbsp;<\/p>\n","protected":false},"excerpt":{"rendered":"<p>Fredag morgen dansk tid steg en 10 meter h\u00f8j tsunami op og ramte det nordlige Japan efter et voldsomt jordsk\u00e6lv i Stillehavet. Skriver De Radikale i en pressemeddelse &#8211; Og forts\u00e6tter med f\u00f8lgende. Tsunamien har skabt absolut kaos i omr\u00e5det med risiko for en atomulykke, og hundredvis meldes dr\u00e6bt p\u00e5 nuv\u00e6rende tidspunkt. Det er forf\u00e6rdelige [&hellip;]<\/p>\n","protected":false},"author":10,"featured_media":0,"comment_status":"open","ping_status":"closed","sticky":false,"template":"","format":"standard","meta":{"footnotes":""},"categories":[1],"tags":[],"class_list":["post-17851","post","type-post","status-publish","format-standard","hentry","category-df-nyt-dk"],"_links":{"self":[{"href":"https:\/\/df-nyt.dk\/blog\/wp-json\/wp\/v2\/posts\/17851","targetHints":{"allow":["GET"]}}],"collection":[{"href":"https:\/\/df-nyt.dk\/blog\/wp-json\/wp\/v2\/posts"}],"about":[{"href":"https:\/\/df-nyt.dk\/blog\/wp-json\/wp\/v2\/types\/post"}],"author":[{"embeddable":true,"href":"https:\/\/df-nyt.dk\/blog\/wp-json\/wp\/v2\/users\/10"}],"replies":[{"embeddable":true,"href":"https:\/\/df-nyt.dk\/blog\/wp-json\/wp\/v2\/comments?post=17851"}],"version-history":[{"count":0,"href":"https:\/\/df-nyt.dk\/blog\/wp-json\/wp\/v2\/posts\/17851\/revisions"}],"wp:attachment":[{"href":"https:\/\/df-nyt.dk\/blog\/wp-json\/wp\/v2\/media?parent=17851"}],"wp:term":[{"taxonomy":"category","embeddable":true,"href":"https:\/\/df-nyt.dk\/blog\/wp-json\/wp\/v2\/categories?post=17851"},{"taxonomy":"post_tag","embeddable":true,"href":"https:\/\/df-nyt.dk\/blog\/wp-json\/wp\/v2\/tags?post=17851"}],"curies":[{"name":"wp","href":"https:\/\/api.w.org\/{rel}","templated":true}]}}