{"id":17878,"date":"2011-03-12T18:50:29","date_gmt":"2011-03-12T17:50:29","guid":{"rendered":"http:\/\/df-nyt.dk\/?p=17878"},"modified":"2024-10-08T11:18:13","modified_gmt":"2024-10-08T09:18:13","slug":"eu-forbehold-barfoed-b%c3%b8r-fa-styr-pa-egen-butik","status":"publish","type":"post","link":"https:\/\/df-nyt.dk\/blog\/eu-forbehold-barfoed-b%c3%b8r-fa-styr-pa-egen-butik\/","title":{"rendered":"EU-forbehold \u2013 Barfoed b\u00f8r f\u00e5 styr p\u00e5 egen butik"},"content":{"rendered":"<p><img loading=\"lazy\" decoding=\"async\" class=\"alignleft \" title=\"120320111849\" src=\"https:\/\/df-nyt.dk\/\/wp-content\/uploads\/120320111849.png\" alt=\"\" width=\"267\" height=\"196\" \/><br \/>\nDen konservative leder Lars Barfoed vr\u00f8vler om en euro-afstemning inden sommer. <\/p>\n<p>Han burde i stedet fokusere p\u00e5 den skade retsforbeholdet forvolder p\u00e5 hans eget omr\u00e5de. Skriver SF i sin pressemeddelelse<\/p>\n<p>-Og forts\u00e6tter<br \/>\nRigspolitiet skriver direkte i et svar til Folketinget, at retsforbeholdet sv\u00e6kker dansk politis indsats p\u00e5 omr\u00e5de som bek\u00e6mpelse af seksuelt misbrug af b\u00f8rn, b\u00f8rnepornografi, bek\u00e6mpelse af menneskehandel og generelt samarbejde med \u00f8vrige medlemslandes politimyndighed.<\/p>\n<p>Jeg kan ikke forst\u00e5, hvordan man som ansvarlig minister p\u00e5 politiets omr\u00e5de kan ignorere s\u00e5 alarmerende udsagn fra Rigspolitiet.<\/p>\n<p>Den nye konservative formand burde presse statsministeren til at fjerne dette bensp\u00e6nd for dansk politi.<\/p>\n<p>Vi skal bek\u00e6mpe de internationale gangstere, der tjener fedt p\u00e5 at handle kvinder til sexindustrien, b\u00f8rneporno og narko- og v\u00e5bensmugling.<\/p>\n<p>Det kr\u00e6ver en f\u00e6lles indsats mellem politi og efterretningstjenester i Europa og det skal Danmark v\u00e6re med til, udtaler SF\u2019s EU-ordf\u00f8rer Pia Olsen Dyhr.<\/p>\n<p>SF har sammen med Det Radikale Venstre og Socialdemokraterne flere gange opfordret statsministeren til at tage initiativ til at omdanne Danmarks retsforbehold til en tilvalgsordning, hvor Folketingets i stedet fra sag til sag tager stilling til dansk deltagelse. Skriver SF i sin pressemeddelelse.<\/p>\n<p>For yderlig l\u00e6sning.<\/p>\n<p><a href=\"http:\/\/sf.dk\/\" target=\"_blank\" rel=\"noopener noreferrer\"><u>Seneste nyt fra SF <\/u><\/a><\/p>\n","protected":false},"excerpt":{"rendered":"<p>Den konservative leder Lars Barfoed vr\u00f8vler om en euro-afstemning inden sommer. Han burde i stedet fokusere p\u00e5 den skade retsforbeholdet forvolder p\u00e5 hans eget omr\u00e5de. Skriver SF i sin pressemeddelelse -Og forts\u00e6tter Rigspolitiet skriver direkte i et svar til Folketinget, at retsforbeholdet sv\u00e6kker dansk politis indsats p\u00e5 omr\u00e5de som bek\u00e6mpelse af seksuelt misbrug af b\u00f8rn, [&hellip;]<\/p>\n","protected":false},"author":10,"featured_media":0,"comment_status":"open","ping_status":"closed","sticky":false,"template":"","format":"standard","meta":{"footnotes":""},"categories":[1],"tags":[],"class_list":["post-17878","post","type-post","status-publish","format-standard","hentry","category-df-nyt-dk"],"_links":{"self":[{"href":"https:\/\/df-nyt.dk\/blog\/wp-json\/wp\/v2\/posts\/17878","targetHints":{"allow":["GET"]}}],"collection":[{"href":"https:\/\/df-nyt.dk\/blog\/wp-json\/wp\/v2\/posts"}],"about":[{"href":"https:\/\/df-nyt.dk\/blog\/wp-json\/wp\/v2\/types\/post"}],"author":[{"embeddable":true,"href":"https:\/\/df-nyt.dk\/blog\/wp-json\/wp\/v2\/users\/10"}],"replies":[{"embeddable":true,"href":"https:\/\/df-nyt.dk\/blog\/wp-json\/wp\/v2\/comments?post=17878"}],"version-history":[{"count":3,"href":"https:\/\/df-nyt.dk\/blog\/wp-json\/wp\/v2\/posts\/17878\/revisions"}],"predecessor-version":[{"id":105273,"href":"https:\/\/df-nyt.dk\/blog\/wp-json\/wp\/v2\/posts\/17878\/revisions\/105273"}],"wp:attachment":[{"href":"https:\/\/df-nyt.dk\/blog\/wp-json\/wp\/v2\/media?parent=17878"}],"wp:term":[{"taxonomy":"category","embeddable":true,"href":"https:\/\/df-nyt.dk\/blog\/wp-json\/wp\/v2\/categories?post=17878"},{"taxonomy":"post_tag","embeddable":true,"href":"https:\/\/df-nyt.dk\/blog\/wp-json\/wp\/v2\/tags?post=17878"}],"curies":[{"name":"wp","href":"https:\/\/api.w.org\/{rel}","templated":true}]}}