{"id":17890,"date":"2011-03-13T10:57:50","date_gmt":"2011-03-13T09:57:50","guid":{"rendered":"http:\/\/df-nyt.dk\/?p=17890"},"modified":"2025-07-11T23:24:01","modified_gmt":"2025-07-11T21:24:01","slug":"filip-dewinter-fra-det-belgiske-parti-vlaams-belang-klager-over-plakatkunst","status":"publish","type":"post","link":"https:\/\/df-nyt.dk\/blog\/filip-dewinter-fra-det-belgiske-parti-vlaams-belang-klager-over-plakatkunst\/","title":{"rendered":"Filip Dewinter fra det belgiske parti Vlaams Belang, klager over plakatkunst"},"content":{"rendered":"<p>Filip Dewinter fra det belgiske parti Vlaams Belang, klager over plakatkunst<br \/>\nPlakaterne er distribueret af Anti-fascistisk Aktion.<\/p>\n<p>P\u00e5 partiet Vlaams Belang&#8217;s hjemmeside skriver de.<br \/>\nVi har modtaget f\u00f8lgende pressemeddelse<br \/>\nAntifascistisk aktion distribuerere plakater, der skildrer Adolf Hitler og Filip Dewinter, m\u00e6rket, Andre st\u00e5r overfor samme lort.<br \/>\n&nbsp;<br \/>\n<img loading=\"lazy\" decoding=\"async\" class=\"alignnone size-full \" title=\"130320111652\" src=\"https:\/\/df-nyt.dk\/\/wp-content\/uploads\/130320111652.png\" alt=\"\" width=\"574\" height=\"459\" \/><\/p>\n<p>Filip Dewinter er chokeret over plakaterne, som han mener associerer ham med Adolf Hitler.<br \/>\nHan har derfor via et brev til statsadvokaten i Antwerpen klaget over plakaterne,<br \/>\nsom han mener er bagvaskelse og injurier.<\/p>\n<p>En kollage<br \/>\nFaktisk ser det ud til, at der tale om en kunstirsk kollage af flere billeder og tekster,<br \/>\nder kan ses, l\u00e6ses p\u00e5 flere m\u00e5der og m\u00e5ske opfattes som et tidsforl\u00f8b over en \u00e5rr\u00e6kke,<br \/>\neller en politisk periode -helt efter beskuerens eget valg og fantasi.   <\/p>\n<p>5. apr. 2010 -Vlaams Belang Magazine pakt deze maand uit met een interview van Pia Kjaersgaard. De voorzitster van de erg succesrijke Deense Volkspartij <\/p>\n<p>Det belgiske parti Vlaams Belang, hylder Pia Kj\u00e6rsgaard i deres partiblad<\/p>\n<p><img loading=\"lazy\" decoding=\"async\" class=\"alignnone size-full \" title=\"121120112111\" src=\"https:\/\/df-nyt.dk\/\/wp-content\/uploads\/121120112111.png\" alt=\"\" width=\"290\" height=\"356\" \/><br \/>\n<img loading=\"lazy\" decoding=\"async\" src=\"https:\/\/df-nyt.dk\/wp-content\/uploads\/2011\/03\/24020202015.png\" alt=\"\" width=\"254\" height=\"336\" class=\"alignnone size-full \" \/><br \/>\n&nbsp;<br \/>\n<img loading=\"lazy\" decoding=\"async\" class=\"alignnone size-full \" title=\"130320111112\" src=\"https:\/\/df-nyt.dk\/\/wp-content\/uploads\/130320111112.png\" alt=\"\" width=\"221\" height=\"204\" \/> <\/p>\n<p>Reference<br \/>\n\/\/modpress.dk \/lars-hedegaard-og-trykkefrihedsselskabet-nyttige-idioter-for-facister<br \/>\n\/\/en.wikipedia.org\/wiki\/Vlaams_Belang<br \/>\n\/\/vlaamsbelang.org\/interview-pia-kjaersgaard<br \/>\n\/\/vlaamsbelanggenteeklo.org\/antifascistisch-geklieder-krijgt-juridisch-staartje-filip-dewinter-dient-klacht-in-tegen-antifa-affiches\/<br \/>\n\/\/billwarnerpi.com\/2008\/12\/dutch-pm-geert-wilders-to-ally-with.html&#8221;<br \/>\nPrivate Investigator Bill Warners hjemmeside \/\/billwarnerpi.com\/2008\/12\/dutch-pm-geert-wilders-to-ally-with<\/p>\n<p><img loading=\"lazy\" decoding=\"async\" class=\"alignnone size-full \" title=\"130320111649\" src=\"https:\/\/df-nyt.dk\/\/wp-content\/uploads\/130320111649.png\" alt=\"\" width=\"539\" height=\"225\" \/><br \/>\n&nbsp;<\/p>\n","protected":false},"excerpt":{"rendered":"<p>Filip Dewinter fra det belgiske parti Vlaams Belang, klager over plakatkunst Plakaterne er distribueret af Anti-fascistisk Aktion. P\u00e5 partiet Vlaams Belang&#8217;s hjemmeside skriver de. Vi har modtaget f\u00f8lgende pressemeddelse Antifascistisk aktion distribuerere plakater, der skildrer Adolf Hitler og Filip Dewinter, m\u00e6rket, Andre st\u00e5r overfor samme lort. &nbsp; Filip Dewinter er chokeret over plakaterne, som han [&hellip;]<\/p>\n","protected":false},"author":10,"featured_media":0,"comment_status":"open","ping_status":"closed","sticky":false,"template":"","format":"standard","meta":{"footnotes":""},"categories":[1],"tags":[],"class_list":["post-17890","post","type-post","status-publish","format-standard","hentry","category-df-nyt-dk"],"_links":{"self":[{"href":"https:\/\/df-nyt.dk\/blog\/wp-json\/wp\/v2\/posts\/17890","targetHints":{"allow":["GET"]}}],"collection":[{"href":"https:\/\/df-nyt.dk\/blog\/wp-json\/wp\/v2\/posts"}],"about":[{"href":"https:\/\/df-nyt.dk\/blog\/wp-json\/wp\/v2\/types\/post"}],"author":[{"embeddable":true,"href":"https:\/\/df-nyt.dk\/blog\/wp-json\/wp\/v2\/users\/10"}],"replies":[{"embeddable":true,"href":"https:\/\/df-nyt.dk\/blog\/wp-json\/wp\/v2\/comments?post=17890"}],"version-history":[{"count":5,"href":"https:\/\/df-nyt.dk\/blog\/wp-json\/wp\/v2\/posts\/17890\/revisions"}],"predecessor-version":[{"id":108935,"href":"https:\/\/df-nyt.dk\/blog\/wp-json\/wp\/v2\/posts\/17890\/revisions\/108935"}],"wp:attachment":[{"href":"https:\/\/df-nyt.dk\/blog\/wp-json\/wp\/v2\/media?parent=17890"}],"wp:term":[{"taxonomy":"category","embeddable":true,"href":"https:\/\/df-nyt.dk\/blog\/wp-json\/wp\/v2\/categories?post=17890"},{"taxonomy":"post_tag","embeddable":true,"href":"https:\/\/df-nyt.dk\/blog\/wp-json\/wp\/v2\/tags?post=17890"}],"curies":[{"name":"wp","href":"https:\/\/api.w.org\/{rel}","templated":true}]}}