{"id":17904,"date":"2011-03-13T12:09:39","date_gmt":"2011-03-13T11:09:39","guid":{"rendered":"http:\/\/df-nyt.dk\/?p=17904"},"modified":"2025-07-07T06:46:34","modified_gmt":"2025-07-07T04:46:34","slug":"nu-hanes-s%c3%b8ren-pind-ogsa-af-fodboldtilskuere","status":"publish","type":"post","link":"https:\/\/df-nyt.dk\/blog\/nu-hanes-s%c3%b8ren-pind-ogsa-af-fodboldtilskuere\/","title":{"rendered":"Nu h\u00e5nes S\u00f8ren Pind ogs\u00e5 af fodboldtilskuere"},"content":{"rendered":"<p><img loading=\"lazy\" decoding=\"async\" src=\"https:\/\/df-nyt.dk\/wp-content\/uploads\/130320111203.png\" alt=\"\" width=\"255\" height=\"242\" class=\"alignleft size-full \" \/><\/p>\n<p>Nu h\u00e5nes S\u00f8ren Pind ogs\u00e5 af fodboldtilskuere<br \/>\nS\u00f8ren Pind h\u00e5nes p\u00e5 webportalen <a href=\"https:\/\/df-nyt.dk\/?p=17811\/\" target=\"_blank\" rel=\"noopener noreferrer\"><span style=\"text-decoration: underline\">Facebook.<\/span><\/a><\/p>\n<p>L\u00f8rdag aften bredte den nye gimmick sig til Aalborg Stadion.<br \/>\nAaBs og FCKs tilh\u00e6ngere var p\u00e5 forh\u00e5nd blevet enige om, at udvide trenden p\u00e5 Facebook med, at alle tilskuere klistrede A4-ark med S\u00f8ren Pinds billede over ansigtet.<\/p>\n<p>P\u00e5 tribunen blev der yderligere samlet et k\u00e6mpebillede af S\u00f8ren Pind.<br \/>\nFCK og AaB er kendt for, at benytte udenlandske spillere.<br \/>\nLigesom mange andre klubber i Danmark.<\/p>\n<p>Og netop tilgangen udefra og mangfoldigheden ses som en styrke af klubberne.<\/p>\n<p>Ligesom p\u00e5 Facebook, hvor folk udskifter deres profilbillede med et billede af den nye integrations minister, som protest imod hans assimilations-politik, s\u00e5 p\u00e5klistrede AaBs og FCKs tilh\u00e6ngere l\u00f8rdag aften p\u00e5 Aalborg Stadion alle deres ansigter med et billede af S\u00f8ren Pind.<br \/>\nSkriver man p\u00e5 hjemmesiden, Andeposten.dk<br \/>\n\/\/andeposten.dk\/&#8221; target=&#8221;_blank&#8221; rel=&#8221;noopener noreferrer&#8221;><\/p>\n<p>Reference<br \/>\nAndeposten.dk<br \/>\nFacebook gruppen, Assimiler S\u00f8ren Pind, skift dit profilbillede<\/p>\n<p>For yderlig l\u00e6sning<\/p>\n<p><a href=\"https:\/\/df-nyt.dk\/?p=17659\/\" target=\"_blank\" rel=\"noopener noreferrer\"><span style=\"text-decoration: underline\">Att: Ministeren for Flygtninge, Indvandrere og Integration, S\u00f8ren Pind. <\/span><\/a><br \/>\n&nbsp;<br \/>\n<a href=\"https:\/\/df-nyt.dk\/nu-hanes-s\u00f8ren-pind-ogsa-af-fodboldtilskuere\/\" target=\"_blank\" rel=\"noopener noreferrer\"><span style=\"text-decoration: underline\">Den antiliberale Pind <\/span><\/a><br \/>\n&nbsp;<br \/>\n<a href=\"https:\/\/df-nyt.dk\/?p=17862\/\" target=\"_blank\" rel=\"noopener noreferrer\"><span style=\"text-decoration: underline\">Assimilation my ass <\/span><\/a><br \/>\n&nbsp;<br \/>\n<a href=\"https:\/\/df-nyt.dk\/?p=17811\/\" target=\"_blank\" rel=\"noopener noreferrer\"><span style=\"text-decoration: underline\">Det vrimler med S\u00f8ren Pind kloner p\u00e5 Facebook<\/span><\/a><br \/>\n&nbsp;<br \/>\n<a href=\"https:\/\/df-nyt.dk\/?p=17708\/\" target=\"_blank\" rel=\"noopener noreferrer\"><span style=\"text-decoration: underline\">R: Pinds udtalelser om integration skr\u00e6mmer<\/span><\/a><br \/>\n&nbsp;<\/p>\n","protected":false},"excerpt":{"rendered":"<p>Nu h\u00e5nes S\u00f8ren Pind ogs\u00e5 af fodboldtilskuere S\u00f8ren Pind h\u00e5nes p\u00e5 webportalen Facebook. L\u00f8rdag aften bredte den nye gimmick sig til Aalborg Stadion. AaBs og FCKs tilh\u00e6ngere var p\u00e5 forh\u00e5nd blevet enige om, at udvide trenden p\u00e5 Facebook med, at alle tilskuere klistrede A4-ark med S\u00f8ren Pinds billede over ansigtet. P\u00e5 tribunen blev der yderligere [&hellip;]<\/p>\n","protected":false},"author":10,"featured_media":0,"comment_status":"open","ping_status":"closed","sticky":false,"template":"","format":"standard","meta":{"footnotes":""},"categories":[1],"tags":[],"class_list":["post-17904","post","type-post","status-publish","format-standard","hentry","category-df-nyt-dk"],"_links":{"self":[{"href":"https:\/\/df-nyt.dk\/blog\/wp-json\/wp\/v2\/posts\/17904","targetHints":{"allow":["GET"]}}],"collection":[{"href":"https:\/\/df-nyt.dk\/blog\/wp-json\/wp\/v2\/posts"}],"about":[{"href":"https:\/\/df-nyt.dk\/blog\/wp-json\/wp\/v2\/types\/post"}],"author":[{"embeddable":true,"href":"https:\/\/df-nyt.dk\/blog\/wp-json\/wp\/v2\/users\/10"}],"replies":[{"embeddable":true,"href":"https:\/\/df-nyt.dk\/blog\/wp-json\/wp\/v2\/comments?post=17904"}],"version-history":[{"count":3,"href":"https:\/\/df-nyt.dk\/blog\/wp-json\/wp\/v2\/posts\/17904\/revisions"}],"predecessor-version":[{"id":108689,"href":"https:\/\/df-nyt.dk\/blog\/wp-json\/wp\/v2\/posts\/17904\/revisions\/108689"}],"wp:attachment":[{"href":"https:\/\/df-nyt.dk\/blog\/wp-json\/wp\/v2\/media?parent=17904"}],"wp:term":[{"taxonomy":"category","embeddable":true,"href":"https:\/\/df-nyt.dk\/blog\/wp-json\/wp\/v2\/categories?post=17904"},{"taxonomy":"post_tag","embeddable":true,"href":"https:\/\/df-nyt.dk\/blog\/wp-json\/wp\/v2\/tags?post=17904"}],"curies":[{"name":"wp","href":"https:\/\/api.w.org\/{rel}","templated":true}]}}