{"id":17957,"date":"2011-03-14T11:18:41","date_gmt":"2011-03-14T10:18:41","guid":{"rendered":"http:\/\/df-nyt.dk\/?p=17957"},"modified":"2017-07-28T16:50:37","modified_gmt":"2017-07-28T14:50:37","slug":"r-topmode-om-national-designstrategi","status":"publish","type":"post","link":"https:\/\/df-nyt.dk\/blog\/r-topmode-om-national-designstrategi\/","title":{"rendered":"R: Topm\u00f8de om national designstrategi"},"content":{"rendered":"<p>&nbsp;<\/p>\n<p><strong>I dag afholder Radikale Venstre topm\u00f8de om en national designstrategi.<\/strong><\/p>\n<p>En af n\u00f8gleomr\u00e5derne for fremtidens v\u00e6kstmuligheder i Danmark.<\/p>\n<p>Deltagerne p\u00e5 m\u00f8det, som afholdes p\u00e5 Christiansborg, skal debattere, hvordan design kan indg\u00e5 som en v\u00e6sentlig del af det, Danmark skal leve af i fremtiden.<\/p>\n<p>Skriver de Radikale i en pressemeddelse\u00a0&#8211; Og forts\u00e6tter med f\u00f8lgende.<\/p>\n<p><strong>&#8220;I Danmark har vi allerede en lang tradition for at bruge design til at skabe nye innovative muligheder og l\u00f8sninger.<\/strong><\/p>\n<p>Det er et unikt aktiv, som vi skal forts\u00e6tte med at udvikle.<\/p>\n<p>Derfor afholder vi i dag et topm\u00f8de om en national designstrategi, hvor vi vil diskutere nye muligheder og l\u00f8sninger inden for designomr\u00e5det.<\/p>\n<p>Visionen er at transformere Danmark fra industrisamfund til fremtidens kreative v\u00e6kst\u00f8konomi,&#8221; siger Morten \u00d8stergaard, Radikale Venstres v\u00e6kstordf\u00f8rer.<\/p>\n<p>Radikale Venstre vil satse strategisk og m\u00e5lrettet p\u00e5 design.<\/p>\n<p>Offentlige udfordringer skal l\u00f8ses gennem design-tankegang i samarbejde med det private erhvervsliv.<\/p>\n<p>&#8220;Design har udviklet sig fra at kunne skabe smukke og funktionelle produkter til at v\u00e6re en proces, der kan drive udviklingen af services, produkter, forretningsmodeller, organisationer og tankem\u00e5der.<\/p>\n<p>Derfor er design en vigtig del af Danmark fremtid,&#8221; siger Eskild Hansen, head of European Design Center hos Cisco, der er en af deltagerne p\u00e5 dagens topm\u00f8de.<\/p>\n<p>Cisco, der er en af verden st\u00f8rste virksomheder, har netop valgt at l\u00e6gge deres europ\u00e6iske hovedkontor i Danmark p\u00e5 grund af den st\u00e6rke designtradition.<\/p>\n<p>Et af emnerne p\u00e5 dagens topm\u00f8de er, hvordan denne tradition styrkes og videref\u00f8res. Skriver de Radikale i sin pressemeddelse.<\/p>\n<p><span style=\"text-decoration: underline;\"><strong><a href=\"http:\/\/www.radikale.dk\/\" target=\"_blank\" rel=\"noopener\">L\u00e6s flere nyheder &#8230;HER<\/a><\/strong><\/span><\/p>\n","protected":false},"excerpt":{"rendered":"<p>&nbsp; I dag afholder Radikale Venstre topm\u00f8de om en national designstrategi. En af n\u00f8gleomr\u00e5derne for fremtidens v\u00e6kstmuligheder i Danmark. Deltagerne p\u00e5 m\u00f8det, som afholdes p\u00e5 Christiansborg, skal debattere, hvordan design kan indg\u00e5 som en v\u00e6sentlig del af det, Danmark skal leve af i fremtiden. Skriver de Radikale i en pressemeddelse\u00a0&#8211; Og forts\u00e6tter med f\u00f8lgende. &#8220;I [&hellip;]<\/p>\n","protected":false},"author":10,"featured_media":0,"comment_status":"open","ping_status":"closed","sticky":false,"template":"","format":"standard","meta":{"footnotes":""},"categories":[1],"tags":[],"class_list":["post-17957","post","type-post","status-publish","format-standard","hentry","category-df-nyt-dk"],"_links":{"self":[{"href":"https:\/\/df-nyt.dk\/blog\/wp-json\/wp\/v2\/posts\/17957","targetHints":{"allow":["GET"]}}],"collection":[{"href":"https:\/\/df-nyt.dk\/blog\/wp-json\/wp\/v2\/posts"}],"about":[{"href":"https:\/\/df-nyt.dk\/blog\/wp-json\/wp\/v2\/types\/post"}],"author":[{"embeddable":true,"href":"https:\/\/df-nyt.dk\/blog\/wp-json\/wp\/v2\/users\/10"}],"replies":[{"embeddable":true,"href":"https:\/\/df-nyt.dk\/blog\/wp-json\/wp\/v2\/comments?post=17957"}],"version-history":[{"count":0,"href":"https:\/\/df-nyt.dk\/blog\/wp-json\/wp\/v2\/posts\/17957\/revisions"}],"wp:attachment":[{"href":"https:\/\/df-nyt.dk\/blog\/wp-json\/wp\/v2\/media?parent=17957"}],"wp:term":[{"taxonomy":"category","embeddable":true,"href":"https:\/\/df-nyt.dk\/blog\/wp-json\/wp\/v2\/categories?post=17957"},{"taxonomy":"post_tag","embeddable":true,"href":"https:\/\/df-nyt.dk\/blog\/wp-json\/wp\/v2\/tags?post=17957"}],"curies":[{"name":"wp","href":"https:\/\/api.w.org\/{rel}","templated":true}]}}