{"id":17965,"date":"2011-03-14T12:59:04","date_gmt":"2011-03-14T11:59:04","guid":{"rendered":"http:\/\/df-nyt.dk\/?p=17965"},"modified":"2024-10-04T10:14:22","modified_gmt":"2024-10-04T08:14:22","slug":"sf-ja-tak-til-vindm%c3%b8ller-i-nordhavn","status":"publish","type":"post","link":"https:\/\/df-nyt.dk\/blog\/sf-ja-tak-til-vindm%c3%b8ller-i-nordhavn\/","title":{"rendered":"SF: Ja tak til vindm\u00f8ller i Nordhavn"},"content":{"rendered":"<p><img loading=\"lazy\" decoding=\"async\" class=\"alignleft \" title=\"140320111258\" src=\"https:\/\/df-nyt.dk\/\/wp-content\/uploads\/140320111258.png\" alt=\"\" width=\"288\" height=\"216\" \/><\/p>\n<p>SFs energiordf\u00f8rer Anne Grete Holmsgaard finder det bizart, at staten p\u00e5 forh\u00e5nd vil udelukke at K\u00f8benhavns kommune kan placere vindm\u00f8ller p\u00e5 den yderste tange i Nordhavnnsomr\u00e5det. Skriver SF i sin pressemeddelelse<\/p>\n<p>-Og forts\u00e6tter<br \/>\nHun har derfor stillet sp\u00f8rgsm\u00e5l til klima- og energiminister Lykke Friis, hvor hun forventer at f\u00e5 en forklaring p\u00e5, om ministeren finder det acceptabelt at staten vil forhindre en kommune i at opstille m\u00f8ller, n\u00e5r disse vel at m\u00e6rke lever op til alle g\u00e6ldende regler.<\/p>\n<p>Staten skal ikke forhindre K\u00f8benhavns kommune i at kunne bygge vindm\u00f8ller, n\u00e5r disse vel at m\u00e6rke lever op til g\u00e6ldende regler. Det virker simpelthen helt bizart, siger Anne Grete Holmsgaard.<\/p>\n<p>Det burde da n\u00e6rmere v\u00e6re en opgave for staten at underst\u00f8tte, at K\u00f8benhavns Kommune kan realisere sine visioner om Nordhavn som gr\u00f8n bydel og om K\u00f8benhavns kommune som Co2 neutral i 2025&#8243; udtaler Anne Grete Holmsgaard og afslutter<\/p>\n<p>Regeringens handlinger signalerer noget helt andet end deres meldinger om, at de \u00f8nsker at komme v\u00e6k fra kullene og de andre fossile br\u00e6ndsler. Ministeren m\u00e5 uddybe, hvorfor man finder det rimeligt at sp\u00e6nde ben for dette projekt.<\/p>\n<p>Anne Grete Holmsgaard har dd. stillet dette sp\u00f8rgsm\u00e5l til ministeren.<br \/>\nMinisteren bedes uddybe, p\u00e5 hvilket grundlag man finder det acceptabelt, at indf\u00f8re ny lovgivning, der p\u00e5 forh\u00e5nd forhindrer ops\u00e6tningen af vindm\u00f8ller i Nordhavn, selv om m\u00f8llerne lever op til alle g\u00e6ldende regler.<\/p>\n<p>For yderlig l\u00e6sning.<\/p>\n<p><a href=\"http:\/\/sf.dk\/\" target=\"_blank\" rel=\"noopener noreferrer\"><u>Seneste nyt fra SF <\/u><\/a><\/p>\n<p><a href=\"http:\/\/greens-efa.eu\/\" target=\"_blank\" rel=\"noopener noreferrer; noreferrer\"><u>Se den Gr\u00f8nne gruppe i parlamentet her<\/u><\/a><\/p>\n","protected":false},"excerpt":{"rendered":"<p>SFs energiordf\u00f8rer Anne Grete Holmsgaard finder det bizart, at staten p\u00e5 forh\u00e5nd vil udelukke at K\u00f8benhavns kommune kan placere vindm\u00f8ller p\u00e5 den yderste tange i Nordhavnnsomr\u00e5det. Skriver SF i sin pressemeddelelse -Og forts\u00e6tter Hun har derfor stillet sp\u00f8rgsm\u00e5l til klima- og energiminister Lykke Friis, hvor hun forventer at f\u00e5 en forklaring p\u00e5, om ministeren finder [&hellip;]<\/p>\n","protected":false},"author":10,"featured_media":0,"comment_status":"open","ping_status":"closed","sticky":false,"template":"","format":"standard","meta":{"footnotes":""},"categories":[1],"tags":[],"class_list":["post-17965","post","type-post","status-publish","format-standard","hentry","category-df-nyt-dk"],"_links":{"self":[{"href":"https:\/\/df-nyt.dk\/blog\/wp-json\/wp\/v2\/posts\/17965","targetHints":{"allow":["GET"]}}],"collection":[{"href":"https:\/\/df-nyt.dk\/blog\/wp-json\/wp\/v2\/posts"}],"about":[{"href":"https:\/\/df-nyt.dk\/blog\/wp-json\/wp\/v2\/types\/post"}],"author":[{"embeddable":true,"href":"https:\/\/df-nyt.dk\/blog\/wp-json\/wp\/v2\/users\/10"}],"replies":[{"embeddable":true,"href":"https:\/\/df-nyt.dk\/blog\/wp-json\/wp\/v2\/comments?post=17965"}],"version-history":[{"count":2,"href":"https:\/\/df-nyt.dk\/blog\/wp-json\/wp\/v2\/posts\/17965\/revisions"}],"predecessor-version":[{"id":105115,"href":"https:\/\/df-nyt.dk\/blog\/wp-json\/wp\/v2\/posts\/17965\/revisions\/105115"}],"wp:attachment":[{"href":"https:\/\/df-nyt.dk\/blog\/wp-json\/wp\/v2\/media?parent=17965"}],"wp:term":[{"taxonomy":"category","embeddable":true,"href":"https:\/\/df-nyt.dk\/blog\/wp-json\/wp\/v2\/categories?post=17965"},{"taxonomy":"post_tag","embeddable":true,"href":"https:\/\/df-nyt.dk\/blog\/wp-json\/wp\/v2\/tags?post=17965"}],"curies":[{"name":"wp","href":"https:\/\/api.w.org\/{rel}","templated":true}]}}