{"id":17971,"date":"2011-03-14T13:36:02","date_gmt":"2011-03-14T12:36:02","guid":{"rendered":"http:\/\/df-nyt.dk\/?p=17971"},"modified":"2024-10-14T21:15:31","modified_gmt":"2024-10-14T19:15:31","slug":"europagt-sf-kraever-handfaste-garantier","status":"publish","type":"post","link":"https:\/\/df-nyt.dk\/blog\/europagt-sf-kraever-handfaste-garantier\/","title":{"rendered":"Europagt \u2013 SF kr\u00e6ver h\u00e5ndfaste garantier"},"content":{"rendered":"<p><img loading=\"lazy\" decoding=\"async\" class=\"alignleft  \" title=\"140320111335\" src=\"https:\/\/df-nyt.dk\/\/wp-content\/uploads\/140320111335.png\" alt=\"\" width=\"317\" height=\"226\" \/><\/p>\n<p>Lad os starte med at sl\u00e5 fast, SF stemmer ikke for dansk tilslutning til europagten, hvis det p\u00e5 nogen m\u00e5de anf\u00e6gter vores forbehold, Folketingets suver\u00e6ne ret til at vedtage finansloven, den danske model p\u00e5 arbejdsmarkedet eller vores pensionsordninger. Skriver SF i sin pressemeddelelse <\/p>\n<p>-Og forts\u00e6tter<br \/>\nDerfor m\u00f8der vi op til forhandlingerne med regeringen med det form\u00e5l, at f\u00e5 nogle h\u00e5ndfaste garantier for, at dansk tilslutning til europagten ikke f\u00e5r konsekvenser for de n\u00e6vnte omr\u00e5der.<\/p>\n<p>Danmark har en klar interesse i at medvirke til at skabe et mere konkurrencedygtigt Europa med h\u00f8j besk\u00e6ftigelse, sunde offentlige finanser og et stabilt finansielt system.<\/p>\n<p>Det er dog lige s\u00e5 afg\u00f8rende, at Danmark har frihed til at f\u00f8re den \u00f8konomiske politik et flertal i Folketinget \u00f8nsker, s\u00e5 l\u00e6nge den er \u00f8konomisk forsvarlig, p\u00e5peger SFs gruppeformand Ole Sohn.<\/p>\n<p>SF vil granske det konkrete indhold af pagten og se hvor langt vi kan komme med en f\u00e6lles forst\u00e5else med regeringen inden vi g\u00f8r vores stilling op.<\/p>\n<p>Det er ogs\u00e5 vigtigt i denne sag at huske p\u00e5, at Lars L\u00f8kke Rasmussen var villig til ukritisk at acceptere det oprindelige forslag fra den tyske kansler Angela Merkel.<\/p>\n<p>Det var et klart angreb p\u00e5 den danske model og vores velf\u00e6rdssystem med en klar opfordring til afskaffelse af pensioner og nedjustering af l\u00f8nninger.<\/p>\n<p>Det er selvsagt uspiseligt.<br \/>\nDerfor gik vi ind i forhandlingerne med regeringen, for netop at rette op p\u00e5 disse ting og i stedet s\u00e6tte fokus p\u00e5 v\u00e6kst og jobskabelse, slutter SFs EU-ordf\u00f8rer Pia Olsen Dyhr.<\/p>\n<p>Europagten skal vedtages p\u00e5 EU-topm\u00f8det d. 24-25. marts 2011 og regeringen skal have sit mandat d. 22. marts i Europaudvalget.<\/p>\n<p>For yderlig l\u00e6sning<\/p>\n<p><a href=\"http:\/\/sf.dk\/\" target=\"_blank\" rel=\"noopener noreferrer\"><u>Seneste nyt fra SF <\/u><\/a><br \/>\n&nbsp;<br \/>\n<a href=\"http:\/\/greens-efa.eu\/\" target=\"_blank\" rel=\"noopener noreferrer; noreferrer\"><span style=\"text-decoration underline\"><u>Se den Gr\u00f8nne gruppe i parlamentet her<\/u><\/span><\/a><\/p>\n","protected":false},"excerpt":{"rendered":"<p>Lad os starte med at sl\u00e5 fast, SF stemmer ikke for dansk tilslutning til europagten, hvis det p\u00e5 nogen m\u00e5de anf\u00e6gter vores forbehold, Folketingets suver\u00e6ne ret til at vedtage finansloven, den danske model p\u00e5 arbejdsmarkedet eller vores pensionsordninger. Skriver SF i sin pressemeddelelse -Og forts\u00e6tter Derfor m\u00f8der vi op til forhandlingerne med regeringen med det [&hellip;]<\/p>\n","protected":false},"author":10,"featured_media":0,"comment_status":"open","ping_status":"closed","sticky":false,"template":"","format":"standard","meta":{"footnotes":""},"categories":[1],"tags":[],"class_list":["post-17971","post","type-post","status-publish","format-standard","hentry","category-df-nyt-dk"],"_links":{"self":[{"href":"https:\/\/df-nyt.dk\/blog\/wp-json\/wp\/v2\/posts\/17971","targetHints":{"allow":["GET"]}}],"collection":[{"href":"https:\/\/df-nyt.dk\/blog\/wp-json\/wp\/v2\/posts"}],"about":[{"href":"https:\/\/df-nyt.dk\/blog\/wp-json\/wp\/v2\/types\/post"}],"author":[{"embeddable":true,"href":"https:\/\/df-nyt.dk\/blog\/wp-json\/wp\/v2\/users\/10"}],"replies":[{"embeddable":true,"href":"https:\/\/df-nyt.dk\/blog\/wp-json\/wp\/v2\/comments?post=17971"}],"version-history":[{"count":2,"href":"https:\/\/df-nyt.dk\/blog\/wp-json\/wp\/v2\/posts\/17971\/revisions"}],"predecessor-version":[{"id":105559,"href":"https:\/\/df-nyt.dk\/blog\/wp-json\/wp\/v2\/posts\/17971\/revisions\/105559"}],"wp:attachment":[{"href":"https:\/\/df-nyt.dk\/blog\/wp-json\/wp\/v2\/media?parent=17971"}],"wp:term":[{"taxonomy":"category","embeddable":true,"href":"https:\/\/df-nyt.dk\/blog\/wp-json\/wp\/v2\/categories?post=17971"},{"taxonomy":"post_tag","embeddable":true,"href":"https:\/\/df-nyt.dk\/blog\/wp-json\/wp\/v2\/tags?post=17971"}],"curies":[{"name":"wp","href":"https:\/\/api.w.org\/{rel}","templated":true}]}}