{"id":17974,"date":"2011-03-14T15:03:24","date_gmt":"2011-03-14T14:03:24","guid":{"rendered":"http:\/\/df-nyt.dk\/?p=17974"},"modified":"2018-03-09T21:07:23","modified_gmt":"2018-03-09T20:07:23","slug":"udtalelse-fra-det-europaeiske-%c3%b8konomiske-og-sociale-udvalg","status":"publish","type":"post","link":"https:\/\/df-nyt.dk\/blog\/udtalelse-fra-det-europaeiske-%c3%b8konomiske-og-sociale-udvalg\/","title":{"rendered":"Udtalelse fra Det Europ\u00e6iske \u00d8konomiske og Sociale Udvalg"},"content":{"rendered":"<p><strong><a href=\"https:\/\/df-nyt.dk\/blog\/wp-content\/uploads\/140320111526.png\"><img loading=\"lazy\" decoding=\"async\" class=\"alignleft size-full wp-image-17988\" title=\"140320111526\" src=\"https:\/\/df-nyt.dk\/blog\/wp-content\/uploads\/140320111526.png\" alt=\"\" width=\"229\" height=\"339\" \/><\/a><\/strong><\/p>\n<p><strong>Arbejdstagernes finansielle deltagelse inden for EU<\/strong><\/p>\n<p>Det Europ\u00e6iske \u00d8konomiske og Sociale Udvalg besluttede den 17. februar 2010 under henvisning til forretningsordenens artikel 29, stk. 2, p\u00e5 eget initiativ at afgive udtalelse om:<\/p>\n<p><strong>&#8220;Arbejdstagernes finansielle deltagelse inden for EU&#8221;.<\/strong><\/p>\n<p>Det forberedende arbejde henvistes til E\u00d8SU&#8217;s Faglige Sektion for Besk\u00e6ftigelse, Sociale og Arbejdsmarkedsm\u00e6ssige Sp\u00f8rgsm\u00e5l og Borgerrettigheder, som vedtog sin udtalelse den 2. september 2010.<\/p>\n<p>P\u00e5 grund af udvalgets nybeskikkelse besluttede plenarforsamlingen at tage stilling til denne udtalelse p\u00e5 plenum i oktober og udpegede Alexander Graf von Schwerin til hovedordf\u00f8rer i overensstemmelse med forretningsordenens artikel 20.<\/p>\n<p>Det Europ\u00e6iske \u00d8konomiske og Sociale Udvalg vedtog p\u00e5 sin 466. plenarforsamling den 21. oktober 2010, f\u00f8lgende udtalelse med 170 stemmer for, 9 imod og 22 hverken for eller imod:<\/p>\n<p><strong>1. Resum\u00e9 og anbefalinger<\/strong><\/p>\n<p><strong>1.1<\/strong> Arbejdstagernes finansielle deltagelse (AFD) giver virksomheder, arbejdstagere og samfundet som helhed mulighed for i h\u00f8jere grad og mere effektivt at f\u00e5 del i den succes, der er forbundet med den tiltagende europ\u00e6isering af de \u00f8konomiske aktiviteter.<\/p>\n<p>Det Europ\u00e6iske \u00d8konomiske og Sociale Udvalg vil derfor med denne initiativudtalelse styrke bevidstheden i befolkningen om dette tema.<\/p>\n<p>Det er m\u00e5let at opfordre EU til at udarbejde et rammekoncept, som fremmer den \u00f8konomiske og sociale samh\u00f8righed i Europa ved at lette anvendelsen af AFD p\u00e5 forskellige planer (f.eks. overskudsdeling, medarbejderaktier og arbejdsgiverbidrag til opsparingsordninger).<\/p>\n<p><strong>1.2 <\/strong>Efterh\u00e5nden som EU er vokset, har virksomheder, herunder navnlig sm\u00e5 og mellemstore virksomheder (SMV&#8217;er), udvidet deres aktiviteter over gr\u00e6nserne.<\/p>\n<p>Et af de omr\u00e5der, der prioriteres h\u00f8jest og fokuseres mest p\u00e5 i Europa 2020-strategien, er gennemf\u00f8relsen af Small Business Act, is\u00e6r med henblik p\u00e5 at forbedre SMV&#8217;ers \u00f8konomiske situation.<\/p>\n<p>AFD kan i den forbindelse v\u00e6re en af mekanismerne til at underst\u00f8tte dette m\u00e5l og dermed styrke europ\u00e6iske SMV&#8217;ers konkurrenceevne.<\/p>\n<p>Uanset virksomhedsst\u00f8rrelsen skal AFD-modeller respektere l\u00f8sninger p\u00e5 virksomhedsniveau og beskytte arbejdstagernes rettigheder under hensyntagen til de forskellige forhold i de enkelte virksomheder og lande.<\/p>\n<p><strong>1.3 N\u00e6rv\u00e6rende initiativudtalelse har derfor til form\u00e5l at<\/strong> &#8230;<\/p>\n<p>[pdf-embedder url=&#8221;https:\/\/df-nyt.dk\/blog\/wp-content\/uploads\/2011\/03\/SOC-371-DA.pdf&#8221; title=&#8221;soc-371-da&#8221;]<\/p>\n<p>&nbsp;<br \/>\n<a href=\"http:\/\/www.efesonline.org\/EESC\/SOC%20371%20DA.pdf\" target=\"_blank\" rel=\"noopener\"><span style=\"text-decoration: underline;\"><strong>Du kan ogs\u00e5 l\u00e6se udtalelsen&#8230; HER <\/strong><\/span><\/a><\/p>\n<p>&nbsp;<br \/>\n<a href=\"https:\/\/df-nyt.dk\/blog\/wp-content\/uploads\/2011\/03\/SOC-371-DA.pdf\" target=\"_blank\" rel=\"noopener\"><span style=\"text-decoration: underline;\"><strong>Du kan se en kopi (pdf-fil her)<\/strong><\/span><\/a><\/p>\n<p>&nbsp;<\/p>\n","protected":false},"excerpt":{"rendered":"<p>Arbejdstagernes finansielle deltagelse inden for EU Det Europ\u00e6iske \u00d8konomiske og Sociale Udvalg besluttede den 17. februar 2010 under henvisning til forretningsordenens artikel 29, stk. 2, p\u00e5 eget initiativ at afgive udtalelse om: &#8220;Arbejdstagernes finansielle deltagelse inden for EU&#8221;. Det forberedende arbejde henvistes til E\u00d8SU&#8217;s Faglige Sektion for Besk\u00e6ftigelse, Sociale og Arbejdsmarkedsm\u00e6ssige Sp\u00f8rgsm\u00e5l og Borgerrettigheder, som [&hellip;]<\/p>\n","protected":false},"author":10,"featured_media":0,"comment_status":"open","ping_status":"closed","sticky":false,"template":"","format":"standard","meta":{"footnotes":""},"categories":[1],"tags":[],"class_list":["post-17974","post","type-post","status-publish","format-standard","hentry","category-df-nyt-dk"],"_links":{"self":[{"href":"https:\/\/df-nyt.dk\/blog\/wp-json\/wp\/v2\/posts\/17974","targetHints":{"allow":["GET"]}}],"collection":[{"href":"https:\/\/df-nyt.dk\/blog\/wp-json\/wp\/v2\/posts"}],"about":[{"href":"https:\/\/df-nyt.dk\/blog\/wp-json\/wp\/v2\/types\/post"}],"author":[{"embeddable":true,"href":"https:\/\/df-nyt.dk\/blog\/wp-json\/wp\/v2\/users\/10"}],"replies":[{"embeddable":true,"href":"https:\/\/df-nyt.dk\/blog\/wp-json\/wp\/v2\/comments?post=17974"}],"version-history":[{"count":0,"href":"https:\/\/df-nyt.dk\/blog\/wp-json\/wp\/v2\/posts\/17974\/revisions"}],"wp:attachment":[{"href":"https:\/\/df-nyt.dk\/blog\/wp-json\/wp\/v2\/media?parent=17974"}],"wp:term":[{"taxonomy":"category","embeddable":true,"href":"https:\/\/df-nyt.dk\/blog\/wp-json\/wp\/v2\/categories?post=17974"},{"taxonomy":"post_tag","embeddable":true,"href":"https:\/\/df-nyt.dk\/blog\/wp-json\/wp\/v2\/tags?post=17974"}],"curies":[{"name":"wp","href":"https:\/\/api.w.org\/{rel}","templated":true}]}}