{"id":17992,"date":"2011-03-14T19:34:29","date_gmt":"2011-03-14T18:34:29","guid":{"rendered":"http:\/\/df-nyt.dk\/?p=17992"},"modified":"2024-10-17T06:22:58","modified_gmt":"2024-10-17T04:22:58","slug":"de-fleste-danske-politikere-vender-sig-staerk-mod-atomkraft","status":"publish","type":"post","link":"https:\/\/df-nyt.dk\/blog\/de-fleste-danske-politikere-vender-sig-staerk-mod-atomkraft\/","title":{"rendered":"De fleste danske politikere vender sig st\u00e6rk mod atomkraft"},"content":{"rendered":"<p>Men der er undtagelser.<br \/>\nDansk Folkeparti og Liberal Alliance er tilh\u00e6nger af A-kraft<br \/>\nMorten Messerschmidt fra DF mener, at n\u00e5r s\u00e5 relativt mange stadig er imod atomkraft, s\u00e5 skyldes det, at det er en irrationel og f\u00f8lelsesm\u00e6ssig argumentation, der styrer debatten.<\/p>\n<p>DF ser atomkraft som en driftssikker energikilde, og stoler p\u00e5, at kommende videnskabelige landvindinger nok skal l\u00f8se affaldsproblemet.<\/p>\n<p>&#8211; I takt med at teknologierne bliver mere raffinerede, s\u00e5 taler det jo for, at Danmark kommer med p\u00e5 toget, i stedet for at st\u00e5 p\u00e5 sidelinien og v\u00e6lge den dyre l\u00f8sning. Vi er jo ikke holdt op med at bruge energi.<\/p>\n<p>Det kan godt v\u00e6re at der er nogle socialister, der har en dr\u00f8m om, at vi skal sidde med slukket lys og at vinteren g\u00e5r over, men de fleste mennesker har det alts\u00e5 bedst med at kunne t\u00e6nde for komfuret og for lyset. Siger Morten Messerschmidt fra Dansk Folkeparti, den 24. februar 2010 p\u00e5 webportalen, DR.dk<\/p>\n<p><img loading=\"lazy\" decoding=\"async\" src=\"https:\/\/df-nyt.dk\/wp-content\/uploads\/140320111915.png\" alt=\"\" width=\"400\" height=\"275\" class=\"alignnone size-medium \" \/><\/p>\n<p>I 1985 vedtog Folketinget, at atomkraft ikke skulle indg\u00e5 i den danske energiplanl\u00e6gning, og billeder fra Tjernobyls forladte betonbygninger dukker stadigv\u00e6k frem p\u00e5 nethinden, n\u00e5r snakken falder p\u00e5 den omstridte energiform.<\/p>\n<p><img loading=\"lazy\" decoding=\"async\" src=\"https:\/\/df-nyt.dk\/wp-content\/uploads\/1403201119241.png\" alt=\"\" width=\"308\" height=\"400\" class=\"alignnone size-medium \" \/><br \/>\n&nbsp;<br \/>\nMen if\u00f8lge Anders Samuelsen fra Liberal Alliance, er det n\u00f8dvendigt at revurdere vores syn p\u00e5 atomkraft og oph\u00e6ve beslutningen fra 1985.<br \/>\nHan foresl\u00e5r, at Danmark skal have sit f\u00f8rste atomkraftv\u00e6rk inden 2020.<br \/>\nVi bliver n\u00e6rmest opdraget til at v\u00e6re imod vold og atomkraft. Ellers er du et d\u00e5rligt menneske. Men det er jo ikke s\u00e5 godt, hvis alternativet er, at vi ellers skal d\u00f8 af luftforurening, eller vi skal drukne, siger Anders Samuelsen fra Liberal Alliance. 02.04.09\u00a0p\u00e5 JP.dk<br \/>\n&nbsp;<br \/>\nDansk Folkepartis energiordf\u00f8rer Per Dalgaard: \u00bbJeg beklager voldsomt, at der var nogle venstrefl\u00f8jsaktivister, der i 60erne og 70erne p\u00e5 et usagligt grundlag f\u00f8rte en kampagne, der gjorde, at vi i Danmark sagde nej til a-kraft.<\/p>\n<p>Hvis vi havde haft a-kraft, havde vi haft en billig elforsyning, siger Dansk Folkepartis\u00a0energiordf\u00f8rer Per Dalgaard, den\u00a017. feb. 2010 p\u00e5 hjemmesiden, politiken.dk<\/p>\n<p>Reference<br \/>\nHjemmesiden \/\/DR.dk den 24. februar 2010<br \/>\nNetavisen \/\/politiken.dk  den\u00a017. feb. 2010<br \/>\nNetavisen \/\/jp.dk \/indland\/indland_politik\/article1652637.ece 02.04.09\u00a0<\/p>\n<p>For yderlig l\u00e6sning.<\/p>\n<p><a href=\"https:\/\/df-nyt.dk\/?p=20182\/\"><span style=\"text-decoration: underline\">Anti-atomkraft demonstration p\u00e5 Place Clairefontaine <\/span><\/a><br \/>\n&nbsp;<\/p>\n","protected":false},"excerpt":{"rendered":"<p>Men der er undtagelser. Dansk Folkeparti og Liberal Alliance er tilh\u00e6nger af A-kraft Morten Messerschmidt fra DF mener, at n\u00e5r s\u00e5 relativt mange stadig er imod atomkraft, s\u00e5 skyldes det, at det er en irrationel og f\u00f8lelsesm\u00e6ssig argumentation, der styrer debatten. DF ser atomkraft som en driftssikker energikilde, og stoler p\u00e5, at kommende videnskabelige landvindinger [&hellip;]<\/p>\n","protected":false},"author":10,"featured_media":0,"comment_status":"open","ping_status":"closed","sticky":false,"template":"","format":"standard","meta":{"footnotes":""},"categories":[1],"tags":[],"class_list":["post-17992","post","type-post","status-publish","format-standard","hentry","category-df-nyt-dk"],"_links":{"self":[{"href":"https:\/\/df-nyt.dk\/blog\/wp-json\/wp\/v2\/posts\/17992","targetHints":{"allow":["GET"]}}],"collection":[{"href":"https:\/\/df-nyt.dk\/blog\/wp-json\/wp\/v2\/posts"}],"about":[{"href":"https:\/\/df-nyt.dk\/blog\/wp-json\/wp\/v2\/types\/post"}],"author":[{"embeddable":true,"href":"https:\/\/df-nyt.dk\/blog\/wp-json\/wp\/v2\/users\/10"}],"replies":[{"embeddable":true,"href":"https:\/\/df-nyt.dk\/blog\/wp-json\/wp\/v2\/comments?post=17992"}],"version-history":[{"count":4,"href":"https:\/\/df-nyt.dk\/blog\/wp-json\/wp\/v2\/posts\/17992\/revisions"}],"predecessor-version":[{"id":105721,"href":"https:\/\/df-nyt.dk\/blog\/wp-json\/wp\/v2\/posts\/17992\/revisions\/105721"}],"wp:attachment":[{"href":"https:\/\/df-nyt.dk\/blog\/wp-json\/wp\/v2\/media?parent=17992"}],"wp:term":[{"taxonomy":"category","embeddable":true,"href":"https:\/\/df-nyt.dk\/blog\/wp-json\/wp\/v2\/categories?post=17992"},{"taxonomy":"post_tag","embeddable":true,"href":"https:\/\/df-nyt.dk\/blog\/wp-json\/wp\/v2\/tags?post=17992"}],"curies":[{"name":"wp","href":"https:\/\/api.w.org\/{rel}","templated":true}]}}