{"id":18020,"date":"2011-03-14T23:58:26","date_gmt":"2011-03-14T22:58:26","guid":{"rendered":"http:\/\/df-nyt.dk\/?p=18020"},"modified":"2025-07-10T17:49:08","modified_gmt":"2025-07-10T15:49:08","slug":"et-stille-krav-om-anstaendighed","status":"publish","type":"post","link":"https:\/\/df-nyt.dk\/blog\/et-stille-krav-om-anstaendighed\/","title":{"rendered":"Et stille krav om anst\u00e6ndighed"},"content":{"rendered":"<p><img loading=\"lazy\" decoding=\"async\" class=\"alignleft size-full \" title=\"140320112353\" src=\"https:\/\/df-nyt.dk\/blog\/wp-content\/uploads\/140320112353.png\" alt=\"\" width=\"299\" height=\"384\" \/><\/p>\n<p>Nu havde de bare f\u00e5et nok \u2013 fem svendborgensere.<br \/>\nNok af at se p\u00e5 kommunens behandling af sygemeldte medborgere.<\/p>\n<p>De besluttede at g\u00f8re noget.<br \/>\nDe indkaldte til en stille protest i dag l\u00f8rdag p\u00e5 Centrumpladsen midt i Svendborg \u2013 kun et stenkast fra r\u00e5dhuset og det kommunale Jobcenter, som mange sygemeldte borgere frygter lige s\u00e5 meget som sygdom.<\/p>\n<p>\u201dGi\u2019 en halv time til anst\u00e6ndigheden\u201d, opfordrede de fem svendborgensere for ganske kort tid siden.<\/p>\n<p>De anede ikke, om de ville blive andre end dem selv p\u00e5 Centrumpladsen i dag klokken 11.30.<\/p>\n<p>De blev andre \u2013 og flere.<br \/>\nMange flere.<\/p>\n<p>50-60 svendborgensere samledes p\u00e5 Centrumpladsen for stille at protestere mod kommunens politik p\u00e5 dette omr\u00e5de.<\/p>\n<p>Blot med en enkelt plakat stillede de op p\u00e5 pladsen, de mange mennesker, stille og snakkede sammen i en halv time \u2013 for at vise deres protest mod kommunens behandling af syge borgere.<\/p>\n<p>Derefter gik forsamlingen lige s\u00e5 stille hver til sit.<\/p>\n<p>Skriver Frede Jakobsen d. mar 12, 2011 p\u00e5 Svendborg NetAvis&#8230;<br \/>\n\/\/www.svendborgsnetavis.dk\/et-stille-krav-om-anst%C3%A6ndighed\/&#8221;<br \/>\nSvendborg NetAvis&#8230;<br \/>\n\/\/www.svendborgsnetavis.dk\/et-stille-krav-om-anst%C3%A6ndighed\/&#8221;><br \/>\nL\u00e6s mere og se billeder &#8230; der<\/p>\n<p>For yderlig l\u00e6sning.<br \/>\n<a href=\"http:\/\/df-nyt.dk\/han-naede-ikke-at-fa-sin-f\u00f8rtidspension\/\" target=\"_blank\" rel=\"noopener\"><span style=\"text-decoration: underline;\">Han n\u00e5ede ikke at f\u00e5 sin f\u00f8rtidspension<\/span><\/a><\/p>\n","protected":false},"excerpt":{"rendered":"<p>Nu havde de bare f\u00e5et nok \u2013 fem svendborgensere. Nok af at se p\u00e5 kommunens behandling af sygemeldte medborgere. De besluttede at g\u00f8re noget. De indkaldte til en stille protest i dag l\u00f8rdag p\u00e5 Centrumpladsen midt i Svendborg \u2013 kun et stenkast fra r\u00e5dhuset og det kommunale Jobcenter, som mange sygemeldte borgere frygter lige s\u00e5 [&hellip;]<\/p>\n","protected":false},"author":10,"featured_media":0,"comment_status":"open","ping_status":"closed","sticky":false,"template":"","format":"standard","meta":{"footnotes":""},"categories":[1],"tags":[],"class_list":["post-18020","post","type-post","status-publish","format-standard","hentry","category-df-nyt-dk"],"_links":{"self":[{"href":"https:\/\/df-nyt.dk\/blog\/wp-json\/wp\/v2\/posts\/18020","targetHints":{"allow":["GET"]}}],"collection":[{"href":"https:\/\/df-nyt.dk\/blog\/wp-json\/wp\/v2\/posts"}],"about":[{"href":"https:\/\/df-nyt.dk\/blog\/wp-json\/wp\/v2\/types\/post"}],"author":[{"embeddable":true,"href":"https:\/\/df-nyt.dk\/blog\/wp-json\/wp\/v2\/users\/10"}],"replies":[{"embeddable":true,"href":"https:\/\/df-nyt.dk\/blog\/wp-json\/wp\/v2\/comments?post=18020"}],"version-history":[{"count":2,"href":"https:\/\/df-nyt.dk\/blog\/wp-json\/wp\/v2\/posts\/18020\/revisions"}],"predecessor-version":[{"id":108883,"href":"https:\/\/df-nyt.dk\/blog\/wp-json\/wp\/v2\/posts\/18020\/revisions\/108883"}],"wp:attachment":[{"href":"https:\/\/df-nyt.dk\/blog\/wp-json\/wp\/v2\/media?parent=18020"}],"wp:term":[{"taxonomy":"category","embeddable":true,"href":"https:\/\/df-nyt.dk\/blog\/wp-json\/wp\/v2\/categories?post=18020"},{"taxonomy":"post_tag","embeddable":true,"href":"https:\/\/df-nyt.dk\/blog\/wp-json\/wp\/v2\/tags?post=18020"}],"curies":[{"name":"wp","href":"https:\/\/api.w.org\/{rel}","templated":true}]}}