{"id":18030,"date":"2011-03-15T11:51:29","date_gmt":"2011-03-15T10:51:29","guid":{"rendered":"http:\/\/df-nyt.dk\/?p=18030"},"modified":"2025-07-07T06:44:16","modified_gmt":"2025-07-07T04:44:16","slug":"europa-parlamentet-kritiserer-ungarns-medielov-igen","status":"publish","type":"post","link":"https:\/\/df-nyt.dk\/blog\/europa-parlamentet-kritiserer-ungarns-medielov-igen\/","title":{"rendered":"Europa-Parlamentet kritiserer Ungarns medielov igen"},"content":{"rendered":"<p><img loading=\"lazy\" decoding=\"async\" class=\"alignnone size-full \" src=\"http:\/\/df-nyt.dk\/\/wp-content\/uploads\/2018\/02\/200220180723.png\" alt=\"\" width=\"289\" height=\"65\" \/><\/p>\n<p>Europa-Parlamentet kritiserer Ungarns medielov igen<br \/>\nUngarn har \u00e6ndret den <span style=\"text-decoration: underline;\"><a href=\"http:\/\/df-nyt.dk\/?p=15585\">omstridte medielov<\/a><\/span>, men det er slet ikke nok.<\/p>\n<p>Loven truer stadig presse- og ytringsfriheden. Skriver SF i sin pressemeddelelse <\/p>\n<p>\u2013 og fors\u00e6tter<br \/>\nPressefriheden er under voldsomt pres i Ungarn.<br \/>\nDen ungarske regering har indf\u00f8rt en ny medielov, der har aff\u00f8dt voldsom kritik fra b\u00e5de EU og Europar\u00e5det.<\/p>\n<p>Det fik for to uger siden den ungarske regering til at \u00e6ndre <a href=\"http:\/\/df-nyt.dk\/?p=15585\"><span style=\"text-decoration: underline;\">den omstridte lov.<\/span><\/a><\/p>\n<p>Men \u00e6ndringerne er kun kosmetiske, og i sidste uge forlangte Europa-Parlamentet, at Ungarn suspenderer loven.<\/p>\n<p>Loven strider mod de grundl\u00e6ggende principper for pressefrihed, som Ungarn gennem sit medlemskab af Europar\u00e5det, OSCE og nu sidst EU har forpligtet sig p\u00e5.<\/p>\n<p>Derfor m\u00e5 den laves om eller helt afskaffes.<br \/>\nMen sagsforl\u00f8bet har p\u00e5 det pinligste udstillet dobbeltmoralen i store dele af EU-systemet.<\/p>\n<p>B\u00e5de R\u00e5d og Kommissionen afviser at g\u00f8re noget, selv et land som Danmark &#8211; der ellers har r\u00e5bt op om respekten for pressefriheden, s\u00e5 det er blevet h\u00f8rt over den ganske verden &#8211; klapper i, n\u00e5r det er magthaverne, der kr\u00e6nker principperne.<\/p>\n<p>Som om ytringsfriheden kun gjaldt, n\u00e5r det er de store, der overfalder mindretal.<\/p>\n<p>I denne situation er det afg\u00f8rende, at Europa-Parlamentet st\u00e5r urokkeligt fast p\u00e5 kravet om respekt for helt grundl\u00e6ggende v\u00e6rdier i f\u00e6llesskabet.<\/p>\n<p>Traktaten giver os heldigvis mulighed for det i artikel 7.<br \/>\nDen artikel skal kun bruges, n\u00e5r der virkelig er grund til alarm \u2013 og det er der her.<\/p>\n<p>I \u00f8vrigt er Ungarn ikke det eneste medlemsland, hvor pressefriheden er under pres.<\/p>\n<p>Ogs\u00e5 Rum\u00e6nien og Italien b\u00f8r unders\u00f8ges.<br \/>\nM\u00e5ske endda flere\u2026<\/p>\n<p>For yderlig l\u00e6sning.<\/p>\n<p><a href=\"http:\/\/www.sf.dk\"><span style=\"text-decoration: underline;\">\/\/.sf.dk\/seneste-nyt<\/span><\/a><\/p>\n<p><a href=\"https:\/\/www.greens-efa.eu\/\"><span style=\"text-decoration: underline;\">Se den Gr\u00f8nne gruppe i parlamentet der<\/span><\/a><\/p>\n<p>L\u00e6s ogs\u00e5: <a href=\"http:\/\/df-nyt.dk\/?p=15585\" target=\"_blank\" rel=\"noopener\"><span style=\"text-decoration: underline;\"> Ungarns premierminister grillet af Europaparlamentet<\/span><\/a><br \/>\n&nbsp;<\/p>\n","protected":false},"excerpt":{"rendered":"<p>Europa-Parlamentet kritiserer Ungarns medielov igen Ungarn har \u00e6ndret den omstridte medielov, men det er slet ikke nok. Loven truer stadig presse- og ytringsfriheden. Skriver SF i sin pressemeddelelse \u2013 og fors\u00e6tter Pressefriheden er under voldsomt pres i Ungarn. Den ungarske regering har indf\u00f8rt en ny medielov, der har aff\u00f8dt voldsom kritik fra b\u00e5de EU og [&hellip;]<\/p>\n","protected":false},"author":10,"featured_media":0,"comment_status":"open","ping_status":"closed","sticky":false,"template":"","format":"standard","meta":{"footnotes":""},"categories":[1],"tags":[],"class_list":["post-18030","post","type-post","status-publish","format-standard","hentry","category-df-nyt-dk"],"_links":{"self":[{"href":"https:\/\/df-nyt.dk\/blog\/wp-json\/wp\/v2\/posts\/18030","targetHints":{"allow":["GET"]}}],"collection":[{"href":"https:\/\/df-nyt.dk\/blog\/wp-json\/wp\/v2\/posts"}],"about":[{"href":"https:\/\/df-nyt.dk\/blog\/wp-json\/wp\/v2\/types\/post"}],"author":[{"embeddable":true,"href":"https:\/\/df-nyt.dk\/blog\/wp-json\/wp\/v2\/users\/10"}],"replies":[{"embeddable":true,"href":"https:\/\/df-nyt.dk\/blog\/wp-json\/wp\/v2\/comments?post=18030"}],"version-history":[{"count":8,"href":"https:\/\/df-nyt.dk\/blog\/wp-json\/wp\/v2\/posts\/18030\/revisions"}],"predecessor-version":[{"id":108687,"href":"https:\/\/df-nyt.dk\/blog\/wp-json\/wp\/v2\/posts\/18030\/revisions\/108687"}],"wp:attachment":[{"href":"https:\/\/df-nyt.dk\/blog\/wp-json\/wp\/v2\/media?parent=18030"}],"wp:term":[{"taxonomy":"category","embeddable":true,"href":"https:\/\/df-nyt.dk\/blog\/wp-json\/wp\/v2\/categories?post=18030"},{"taxonomy":"post_tag","embeddable":true,"href":"https:\/\/df-nyt.dk\/blog\/wp-json\/wp\/v2\/tags?post=18030"}],"curies":[{"name":"wp","href":"https:\/\/api.w.org\/{rel}","templated":true}]}}