{"id":18037,"date":"2011-03-15T14:37:57","date_gmt":"2011-03-15T13:37:57","guid":{"rendered":"http:\/\/df-nyt.dk\/?p=18037"},"modified":"2025-12-31T15:46:13","modified_gmt":"2025-12-31T14:46:13","slug":"m%c3%b8d-forfatterinde-bag-bogen-forklaedt-som-nazist","status":"publish","type":"post","link":"https:\/\/df-nyt.dk\/blog\/m%c3%b8d-forfatterinde-bag-bogen-forklaedt-som-nazist\/","title":{"rendered":"M\u00f8d forfatterinde bag bogen \u2019Forkl\u00e6dt som nazist\u2019"},"content":{"rendered":"<p><img loading=\"lazy\" decoding=\"async\" class=\"alignleft size-full \" title=\"150320111424\" src=\"http:\/\/df-nyt.dk\/\/wp-content\/uploads\/150320111424.png\" alt=\"\" width=\"254\" height=\"216\" \/><\/p>\n<p>M\u00f8d forfatterinde bag bogen \u2019Forkl\u00e6dt som nazist\u2019<\/p>\n<p>Charlotte Johannsen, der i oktober sidste \u00e5r udgav bogen, holder foredrag i K\u00f8benhavn og \u00c5rhus.<\/p>\n<p>Flere grupper samarbejder, som led i et oplysningsarbejde omkring gadevold, ungdomsbander, rekruttering, politisering og racisme.<\/p>\n<p>I \u00c5rhus arrangeres foredraget af Projekt Antifa i samarbejde med Antiracistisk Netv\u00e6rk i \u00c5rhus.<\/p>\n<p>Det finder sted torsdag den 7. april klokken 19.30 i Enhedslistens lokaler i Mindegade 10, \u00c5rhus C. D\u00f8rene \u00e5bnes klokken 19.00 &#8211; kom i god tid!<\/p>\n<p>I K\u00f8benhavn arrangeres foredraget af Projekt Antifa og Ungdomshuset i samarbejde. Det foreg\u00e5r torsdag den 31. marts klokken 20.00 i Ungdomshuset p\u00e5 Dortheavej 61, 2400 K\u00f8benhavn NV. Der vil inden foredraget v\u00e6re folkek\u00f8kken.<\/p>\n<p>Rigtig mange har allerede tilmeldt sig, &#8211; og arrang\u00f8rerne forventer fulde huse.<\/p>\n<p>Har du sp\u00f8rgsm\u00e5l eller \u00f8nsker yderlige oplysninger s\u00e5 se&#8230;<br \/>\n\/\/projektantifa.dk:80\/nyheder\/article\/hvad-vil-du-gerne-sporge-charlotte&#8221;<\/p>\n<p>\u00d8nsker du mere viden om emnet, s\u00e5 se nedenst\u00e5ende link.<\/p>\n<p><a href=\"http:\/\/df-nyt.dk\/?p=11866\"><span style=\"text-decoration: underline;\">Nazimuldvarp frygter for sit liv <\/span><\/a><\/p>\n<p><a href=\"http:\/\/df-nyt.dk\/?p=11270\"><span style=\"text-decoration: underline;\">\u2018Forkl\u00e6dt som nazist \u2013 en \u00c5rhushistorie\u2019 med relationer til FaceBook <\/span><\/a><br \/>\n&nbsp;<\/p>\n<p><a href=\"http:\/\/df-nyt.dk\/?p=11475\"><span style=\"text-decoration: underline;\">\u2018Forkl\u00e6dt som nazist \u2013 en \u00c5rhushistorie\u2019 \u2013 Til vejfest med \u2018barndommen\u2019<\/span><\/a><\/p>\n<p>Her kan du ogs\u00e5 l\u00e6se f\u00f8rste kapitel af bogen.<br \/>\n&nbsp;<\/p>\n","protected":false},"excerpt":{"rendered":"<p>M\u00f8d forfatterinde bag bogen \u2019Forkl\u00e6dt som nazist\u2019 Charlotte Johannsen, der i oktober sidste \u00e5r udgav bogen, holder foredrag i K\u00f8benhavn og \u00c5rhus. Flere grupper samarbejder, som led i et oplysningsarbejde omkring gadevold, ungdomsbander, rekruttering, politisering og racisme. I \u00c5rhus arrangeres foredraget af Projekt Antifa i samarbejde med Antiracistisk Netv\u00e6rk i \u00c5rhus. Det finder sted torsdag [&hellip;]<\/p>\n","protected":false},"author":10,"featured_media":0,"comment_status":"open","ping_status":"closed","sticky":false,"template":"","format":"standard","meta":{"footnotes":""},"categories":[1],"tags":[],"class_list":["post-18037","post","type-post","status-publish","format-standard","hentry","category-df-nyt-dk"],"_links":{"self":[{"href":"https:\/\/df-nyt.dk\/blog\/wp-json\/wp\/v2\/posts\/18037","targetHints":{"allow":["GET"]}}],"collection":[{"href":"https:\/\/df-nyt.dk\/blog\/wp-json\/wp\/v2\/posts"}],"about":[{"href":"https:\/\/df-nyt.dk\/blog\/wp-json\/wp\/v2\/types\/post"}],"author":[{"embeddable":true,"href":"https:\/\/df-nyt.dk\/blog\/wp-json\/wp\/v2\/users\/10"}],"replies":[{"embeddable":true,"href":"https:\/\/df-nyt.dk\/blog\/wp-json\/wp\/v2\/comments?post=18037"}],"version-history":[{"count":6,"href":"https:\/\/df-nyt.dk\/blog\/wp-json\/wp\/v2\/posts\/18037\/revisions"}],"predecessor-version":[{"id":110600,"href":"https:\/\/df-nyt.dk\/blog\/wp-json\/wp\/v2\/posts\/18037\/revisions\/110600"}],"wp:attachment":[{"href":"https:\/\/df-nyt.dk\/blog\/wp-json\/wp\/v2\/media?parent=18037"}],"wp:term":[{"taxonomy":"category","embeddable":true,"href":"https:\/\/df-nyt.dk\/blog\/wp-json\/wp\/v2\/categories?post=18037"},{"taxonomy":"post_tag","embeddable":true,"href":"https:\/\/df-nyt.dk\/blog\/wp-json\/wp\/v2\/tags?post=18037"}],"curies":[{"name":"wp","href":"https:\/\/api.w.org\/{rel}","templated":true}]}}