{"id":18071,"date":"2011-03-15T21:16:21","date_gmt":"2011-03-15T20:16:21","guid":{"rendered":"http:\/\/df-nyt.dk\/?p=18071"},"modified":"2024-02-07T13:27:06","modified_gmt":"2024-02-07T12:27:06","slug":"palaestinensisk-minister-i-europa-parlamentet","status":"publish","type":"post","link":"https:\/\/df-nyt.dk\/blog\/palaestinensisk-minister-i-europa-parlamentet\/","title":{"rendered":"Pal\u00e6stinensisk minister i Europa-Parlamentet"},"content":{"rendered":"<p><img loading=\"lazy\" decoding=\"async\" src=\"https:\/\/df-nyt.dk\/\/wp-content\/uploads\/2018\/02\/200220180723.png\" alt=\"\" width=\"289\" height=\"65\" class=\"alignnone size-full \" \/><\/p>\n<p>Tirsdag bes\u00f8ger den pal\u00e6stinensiske minister for fanger Europa-Parlamentets Menneskerettighedsudvalg og Pal\u00e6stina-delegation.<\/p>\n<p>Her skal han fort\u00e6lle om de mange pal\u00e6stinensiske, der sidder i de israelske f\u00e6ngsler. Skriver man i Margrete Aukens pressemeddelelse <\/p>\n<p>\u2013og forts\u00e6tter<br \/>\n6.000 pal\u00e6stinensiske fanger er lige nu sp\u00e6rret inde i israelske f\u00e6ngsler. Mange af dem har ikke ret til advokat, slet ikke til en fair rettergang eller mulighed for at f\u00e5 bes\u00f8g fra familien.<\/p>\n<p>V\u00e6rst er det dog, at over 300 pal\u00e6stinensiske b\u00f8rn i dette \u00f8jeblik sidder f\u00e6ngslet, langt de fleste for at have kastet med sten mod tungt bev\u00e6bnede soldater fra en af verdens st\u00e6rkeste h\u00e6re.<\/p>\n<p>Dette er endnu eksempel p\u00e5 Israels foragt for international lov, og forh\u00e5bentlig vil et bes\u00f8g af den pal\u00e6stinensiske minister for fanger overbevise endnu flere medlemmer af Europa-Parlamentet om, at EU m\u00e5 kr\u00e6ve, at Israel lever op til sit ansvar som demokratisk stat.<\/p>\n<p>For yderlig l\u00e6sning<\/p>\n<p><a href=\"http:\/\/sf.dk\/\" target=\"_blank\" rel=\"noopener noreferrer\"><u>Seneste nyt fra SF <\/u><\/a><br \/>\n&nbsp;<br \/>\n<a href=\"http:\/\/greens-efa.eu\/\" target=\"_blank\" rel=\"noopener noreferrer; noreferrer\"><span style=\"text-decoration underline\"><u>Se den Gr\u00f8nne gruppe i parlamentet her<\/u><\/span><\/a><\/p>\n","protected":false},"excerpt":{"rendered":"<p>Tirsdag bes\u00f8ger den pal\u00e6stinensiske minister for fanger Europa-Parlamentets Menneskerettighedsudvalg og Pal\u00e6stina-delegation. Her skal han fort\u00e6lle om de mange pal\u00e6stinensiske, der sidder i de israelske f\u00e6ngsler. Skriver man i Margrete Aukens pressemeddelelse \u2013og forts\u00e6tter 6.000 pal\u00e6stinensiske fanger er lige nu sp\u00e6rret inde i israelske f\u00e6ngsler. Mange af dem har ikke ret til advokat, slet ikke til [&hellip;]<\/p>\n","protected":false},"author":10,"featured_media":0,"comment_status":"open","ping_status":"closed","sticky":false,"template":"","format":"standard","meta":{"footnotes":""},"categories":[1],"tags":[],"class_list":["post-18071","post","type-post","status-publish","format-standard","hentry","category-df-nyt-dk"],"_links":{"self":[{"href":"https:\/\/df-nyt.dk\/blog\/wp-json\/wp\/v2\/posts\/18071","targetHints":{"allow":["GET"]}}],"collection":[{"href":"https:\/\/df-nyt.dk\/blog\/wp-json\/wp\/v2\/posts"}],"about":[{"href":"https:\/\/df-nyt.dk\/blog\/wp-json\/wp\/v2\/types\/post"}],"author":[{"embeddable":true,"href":"https:\/\/df-nyt.dk\/blog\/wp-json\/wp\/v2\/users\/10"}],"replies":[{"embeddable":true,"href":"https:\/\/df-nyt.dk\/blog\/wp-json\/wp\/v2\/comments?post=18071"}],"version-history":[{"count":2,"href":"https:\/\/df-nyt.dk\/blog\/wp-json\/wp\/v2\/posts\/18071\/revisions"}],"predecessor-version":[{"id":102379,"href":"https:\/\/df-nyt.dk\/blog\/wp-json\/wp\/v2\/posts\/18071\/revisions\/102379"}],"wp:attachment":[{"href":"https:\/\/df-nyt.dk\/blog\/wp-json\/wp\/v2\/media?parent=18071"}],"wp:term":[{"taxonomy":"category","embeddable":true,"href":"https:\/\/df-nyt.dk\/blog\/wp-json\/wp\/v2\/categories?post=18071"},{"taxonomy":"post_tag","embeddable":true,"href":"https:\/\/df-nyt.dk\/blog\/wp-json\/wp\/v2\/tags?post=18071"}],"curies":[{"name":"wp","href":"https:\/\/api.w.org\/{rel}","templated":true}]}}