{"id":18082,"date":"2011-03-16T12:40:33","date_gmt":"2011-03-16T11:40:33","guid":{"rendered":"http:\/\/df-nyt.dk\/?p=18082"},"modified":"2025-06-25T23:40:29","modified_gmt":"2025-06-25T21:40:29","slug":"sf-styrkelse-af-atomkraft-sikkerheden-i-eu","status":"publish","type":"post","link":"https:\/\/df-nyt.dk\/blog\/sf-styrkelse-af-atomkraft-sikkerheden-i-eu\/","title":{"rendered":"SF: Styrkelse af atomkraft sikkerheden i EU"},"content":{"rendered":"<p><img loading=\"lazy\" decoding=\"async\" class=\"alignleft size-full \" title=\"160320111238\" src=\"https:\/\/df-nyt.dk\/blog\/wp-content\/uploads\/160320111238.png\" alt=\"\" width=\"273\" height=\"201\" \/><\/p>\n<p>SF vil have at der i EU bruges midler p\u00e5 \u00f8get sikkerhed ikke p\u00e5 at bygge nye a &#8211; kraftv\u00e6rker.<\/p>\n<p>SF\u2019s energiordf\u00f8rer Anne Grete Holmsgaard vil i dag i Folketingets sp\u00f8rgetid blandt andet afkr\u00e6ve svar fra Klima- og energiministeren p\u00e5, hvad regeringen vil g\u00f8re for at sikkerheden p\u00e5 europ\u00e6iske a-kraftv\u00e6rker \u00f8ges. Skriver SF i sin pressemeddelelse <\/p>\n<p>\u2013 og fors\u00e6tter<br \/>\n&#8220;Danmark b\u00f8r arbejde for at EU stopper med at promovere atomkraft og i stedet fokusere p\u00e5 sikkerhedsindsatsen i EU og i EU&#8217;s naboomr\u00e5der mod \u00f8st.<\/p>\n<p>Dette kan f.eks. g\u00f8res ved at \u00e6ndre den europ\u00e6iske Euratom-traktat, der fortsat har det som et form\u00e5l at st\u00f8tte a-kraft.<\/p>\n<p>Den stresstest, som EU netop har besluttet b\u00f8r derfor udvides ved at EU tager kontakt til nabolandene mod \u00d8st&#8221; mener Anne Grete Holmsgaard<\/p>\n<p>Statsst\u00f8tte til kulkraft er nu endelig under udfasning. Det samme b\u00f8r ske med statsst\u00f8tte til A-kraft.<\/p>\n<p>\u201dVi skal til at anskue a-kraft i en europ\u00e6isk sammenh\u00e6ng og som en energikilde der indeb\u00e6rer potentielle gr\u00e6nseoverskridende milj\u00f8- og sundhedsproblemer.<\/p>\n<p>Vi kan ikke kun fokusere p\u00e5 et Danmark uden a-kraft, men g\u00f8re en aktiv indsats p\u00e5 Europ\u00e6isk plan.<\/p>\n<p>Vi \u00f8nsker \u00e6ndringer, s\u00e5 medlemslandene ikke l\u00e6ngere kan give statsst\u00f8tte til atomkraft&#8221;<\/p>\n<p>\u201dDet kr\u00e6ver en st\u00e6rk alliance med de andre lande, der l\u00e6nge har v\u00e6ret bekymret for sikkerheden omkring atomkraften og dens ul\u00f8ste affaldsproblemer og som derfor i stedet satser p\u00e5 energieffektiviseringer og vedvarende energi\u201d<\/p>\n<p>SF vil senere p\u00e5 m\u00e5neden s\u00f8ge tilslutning blandt sine s\u00f8sterpartier og partier tilsluttet partigruppen under Nordisk R\u00e5d p\u00e5 et m\u00f8de i Stockholm.<\/p>\n<p>For yderlig l\u00e6sning.<\/p>\n<p><a href=\"http:\/\/www.sf.dk\"><span style=\"text-decoration: underline;\">\/\/.sf.dk\/seneste-nyt<\/span><\/a><\/p>\n<p><a href=\"https:\/\/www.greens-efa.eu\/\"><span style=\"text-decoration: underline;\">Se den Gr\u00f8nne gruppe i parlamentet der<\/span><\/a><\/p>\n<hr \/>\n<p><a href=\"http:\/\/df-nyt.dk\/?p=17992\">L\u00e6s ogs\u00e5: De fleste danske politikere vender sig st\u00e6rk mod atomkraft, men der er undtagelser.<\/a><\/p>\n<hr \/>\n<p>&nbsp;<\/p>\n","protected":false},"excerpt":{"rendered":"<p>SF vil have at der i EU bruges midler p\u00e5 \u00f8get sikkerhed ikke p\u00e5 at bygge nye a &#8211; kraftv\u00e6rker. SF\u2019s energiordf\u00f8rer Anne Grete Holmsgaard vil i dag i Folketingets sp\u00f8rgetid blandt andet afkr\u00e6ve svar fra Klima- og energiministeren p\u00e5, hvad regeringen vil g\u00f8re for at sikkerheden p\u00e5 europ\u00e6iske a-kraftv\u00e6rker \u00f8ges. Skriver SF i sin [&hellip;]<\/p>\n","protected":false},"author":10,"featured_media":0,"comment_status":"open","ping_status":"closed","sticky":false,"template":"","format":"standard","meta":{"footnotes":""},"categories":[1],"tags":[],"class_list":["post-18082","post","type-post","status-publish","format-standard","hentry","category-df-nyt-dk"],"_links":{"self":[{"href":"https:\/\/df-nyt.dk\/blog\/wp-json\/wp\/v2\/posts\/18082","targetHints":{"allow":["GET"]}}],"collection":[{"href":"https:\/\/df-nyt.dk\/blog\/wp-json\/wp\/v2\/posts"}],"about":[{"href":"https:\/\/df-nyt.dk\/blog\/wp-json\/wp\/v2\/types\/post"}],"author":[{"embeddable":true,"href":"https:\/\/df-nyt.dk\/blog\/wp-json\/wp\/v2\/users\/10"}],"replies":[{"embeddable":true,"href":"https:\/\/df-nyt.dk\/blog\/wp-json\/wp\/v2\/comments?post=18082"}],"version-history":[{"count":3,"href":"https:\/\/df-nyt.dk\/blog\/wp-json\/wp\/v2\/posts\/18082\/revisions"}],"predecessor-version":[{"id":108219,"href":"https:\/\/df-nyt.dk\/blog\/wp-json\/wp\/v2\/posts\/18082\/revisions\/108219"}],"wp:attachment":[{"href":"https:\/\/df-nyt.dk\/blog\/wp-json\/wp\/v2\/media?parent=18082"}],"wp:term":[{"taxonomy":"category","embeddable":true,"href":"https:\/\/df-nyt.dk\/blog\/wp-json\/wp\/v2\/categories?post=18082"},{"taxonomy":"post_tag","embeddable":true,"href":"https:\/\/df-nyt.dk\/blog\/wp-json\/wp\/v2\/tags?post=18082"}],"curies":[{"name":"wp","href":"https:\/\/api.w.org\/{rel}","templated":true}]}}