{"id":18090,"date":"2011-03-16T16:31:32","date_gmt":"2011-03-16T15:31:32","guid":{"rendered":"http:\/\/df-nyt.dk\/?p=18090"},"modified":"2025-07-07T06:40:27","modified_gmt":"2025-07-07T04:40:27","slug":"s-sf-og-r-eu-aftale-kraever-forsikringer-fra-regeringen","status":"publish","type":"post","link":"https:\/\/df-nyt.dk\/blog\/s-sf-og-r-eu-aftale-kraever-forsikringer-fra-regeringen\/","title":{"rendered":"S, SF og R: EU-aftale kr\u00e6ver forsikringer fra regeringen"},"content":{"rendered":"<p><img loading=\"lazy\" decoding=\"async\" class=\"alignleft size-full \" title=\"160320111630\" src=\"https:\/\/df-nyt.dk\/blog\/wp-content\/uploads\/160320111630.png\" alt=\"\" width=\"274\" height=\"202\" \/><\/p>\n<p>Socialdemokraterne, SF og Radikale Venstre arbejder p\u00e5 en politisk aftale med regeringen om dansk tilslutning til europagten med krav om h\u00e5ndfaste forsikringer fra regeringen. Skriver SF i sin pressemeddelelse <\/p>\n<p>\u2013 og fors\u00e6tter<br \/>\nDanmarks velstand og v\u00e6kst h\u00e6nger sammen med Europas.<br \/>\nDerfor har Danmark en klar interesse i at medvirke til at skabe et mere konkurrencedygtigt og b\u00e6redygtigt Europa med h\u00f8j besk\u00e6ftigelse, sunde offentlige finanser og et stabilt finansielt system.<\/p>\n<p>Det er dog lige s\u00e5 afg\u00f8rende, at Danmark har frihed til at f\u00f8re en \u00f8konomisk politik med fokus p\u00e5 investeringer, v\u00e6kst, b\u00e6redygtighed og besk\u00e6ftigelse.<\/p>\n<p>Vi g\u00e5r derfor ind i forhandlingerne om en dansk tilslutning til pagten for at sikre, at der ikke hersker tvivl om pagtens betydning for Danmark.<\/p>\n<p>Der er sagt og skrevet meget om pagten med udgangspunkt i det oprindelige tyske udkast, som ganske rigtigt var meget vidtg\u00e5ende.<\/p>\n<p>Den endelige pagt har imidlertid vist sig at v\u00e6re langt mindre vidtg\u00e5ende.<\/p>\n<p>Is\u00e6r st\u00e5r det nu helt klart, at det er op til landene selv at beslutte, hvilken politik de vil f\u00f8re for at opn\u00e5 de f\u00e6lles m\u00e5l.<\/p>\n<p>Det er v\u00e6rd at bem\u00e6rke, at Danmark er et foregangsland, n\u00e5r det g\u00e6lder de reformer, der l\u00e6gges op til.<\/p>\n<p>Det danske flexicurity-system er udtrykkeligt et forbillede, og Danmark har generelt gennem de sidste \u00e5rtier gennemf\u00f8rt reformer om arbejdsmarkedet, uddannelsessystemet og tilbagetr\u00e6kningsalder.<\/p>\n<p>Desuden er der i den endelige udgave af pagten mere fokus p\u00e5 fremadrettede initiativer, som livslang l\u00e6ring og investeringer i uddannelse, forskning og udvikling og i infrastruktur.<\/p>\n<p>Vi mener, at pagten har en karakter, der g\u00f8r, at der er behov for en politisk aftale mellem regeringen, Socialdemokraterne, SF og Radikale Venstre om den danske tilslutning.<\/p>\n<p>I den forbindelse vil vi kr\u00e6ve en r\u00e6kke forsikringer fra regeringen, s\u00e5 det st\u00e5r klart, hvilken betydning pagten har for Danmark og vores forhold til EU:<\/p>\n<p>&#8211; Regeringen m\u00e5 forsikre, at det stadig fuldt ud er op til arbejdsmarkedets parter at forhandle l\u00f8n- og arbejdsvilk\u00e5r. Dansk tilslutning til pagten m\u00e5 ikke undergrave den danske aftalemodel.<\/p>\n<p>&#8211; Regeringen m\u00e5 forsikre, at der ikke hersker tvivl om, at en eventuel dansk tilslutning til pagten ikke undergraver eller omg\u00e5r euroforbeholdet.<\/p>\n<p>Danmarks forhold til eurosamarbejdet vil v\u00e6re u\u00e6ndret efter en dansk tilslutning til pagten.<\/p>\n<p>&#8211; Regeringen m\u00e5 forsikre, at Danmark ikke vil blive p\u00e5lagt at gennemf\u00f8re reformer af pensionsalder eller efterl\u00f8n som f\u00f8lge af en dansk tilslutning til pagten, men er frit stillet til at gennemf\u00f8re n\u00f8dvendige reformer for at sikre en ansvarlig \u00f8konomi.<\/p>\n<p>&#8211; Regeringen m\u00e5 forsikre, at Folketinget bevarer fuld suver\u00e6nitet over indhold og vedtagelse af finansloven. Skriver SF i sin pressemeddelelse.<\/p>\n<p>For yderlig l\u00e6sning.<\/p>\n<p><a href=\"http:\/\/www.sf.dk\"><span style=\"text-decoration: underline;\">\/\/.sf.dk\/seneste-nyt<\/span><\/a><\/p>\n<p><a href=\"https:\/\/www.greens-efa.eu\/\"><span style=\"text-decoration: underline;\">Se den Gr\u00f8nne gruppe i parlamentet der<\/span><\/a><\/p>\n<hr \/>\n<p>L\u00e6s ogs\u00e5:<br \/>\n<a href=\"http:\/\/df-nyt.dk\/?p=17974\"><span style=\"text-decoration: underline;\">Udtalelse fra Det Europ\u00e6iske \u00d8konomiske og Sociale Udvalg<\/span><\/a><\/p>\n<hr \/>\n<p>&nbsp;<\/p>\n","protected":false},"excerpt":{"rendered":"<p>Socialdemokraterne, SF og Radikale Venstre arbejder p\u00e5 en politisk aftale med regeringen om dansk tilslutning til europagten med krav om h\u00e5ndfaste forsikringer fra regeringen. Skriver SF i sin pressemeddelelse \u2013 og fors\u00e6tter Danmarks velstand og v\u00e6kst h\u00e6nger sammen med Europas. Derfor har Danmark en klar interesse i at medvirke til at skabe et mere konkurrencedygtigt [&hellip;]<\/p>\n","protected":false},"author":10,"featured_media":0,"comment_status":"open","ping_status":"closed","sticky":false,"template":"","format":"standard","meta":{"footnotes":""},"categories":[1],"tags":[],"class_list":["post-18090","post","type-post","status-publish","format-standard","hentry","category-df-nyt-dk"],"_links":{"self":[{"href":"https:\/\/df-nyt.dk\/blog\/wp-json\/wp\/v2\/posts\/18090","targetHints":{"allow":["GET"]}}],"collection":[{"href":"https:\/\/df-nyt.dk\/blog\/wp-json\/wp\/v2\/posts"}],"about":[{"href":"https:\/\/df-nyt.dk\/blog\/wp-json\/wp\/v2\/types\/post"}],"author":[{"embeddable":true,"href":"https:\/\/df-nyt.dk\/blog\/wp-json\/wp\/v2\/users\/10"}],"replies":[{"embeddable":true,"href":"https:\/\/df-nyt.dk\/blog\/wp-json\/wp\/v2\/comments?post=18090"}],"version-history":[{"count":3,"href":"https:\/\/df-nyt.dk\/blog\/wp-json\/wp\/v2\/posts\/18090\/revisions"}],"predecessor-version":[{"id":108686,"href":"https:\/\/df-nyt.dk\/blog\/wp-json\/wp\/v2\/posts\/18090\/revisions\/108686"}],"wp:attachment":[{"href":"https:\/\/df-nyt.dk\/blog\/wp-json\/wp\/v2\/media?parent=18090"}],"wp:term":[{"taxonomy":"category","embeddable":true,"href":"https:\/\/df-nyt.dk\/blog\/wp-json\/wp\/v2\/categories?post=18090"},{"taxonomy":"post_tag","embeddable":true,"href":"https:\/\/df-nyt.dk\/blog\/wp-json\/wp\/v2\/tags?post=18090"}],"curies":[{"name":"wp","href":"https:\/\/api.w.org\/{rel}","templated":true}]}}