{"id":18093,"date":"2011-03-16T18:07:51","date_gmt":"2011-03-16T17:07:51","guid":{"rendered":"http:\/\/df-nyt.dk\/?p=18093"},"modified":"2025-06-26T22:44:09","modified_gmt":"2025-06-26T20:44:09","slug":"sf-hilser-regeringens-kovending-om-billigere-billetter-til-unge-velkommen","status":"publish","type":"post","link":"https:\/\/df-nyt.dk\/blog\/sf-hilser-regeringens-kovending-om-billigere-billetter-til-unge-velkommen\/","title":{"rendered":"SF hilser regeringens kovending om billigere billetter til unge velkommen"},"content":{"rendered":"<p><img loading=\"lazy\" decoding=\"async\" class=\"alignleft size-full \" title=\"1603201118056\" src=\"https:\/\/df-nyt.dk\/blog\/wp-content\/uploads\/1603201118056.png\" alt=\"\" width=\"275\" height=\"204\" \/><\/p>\n<p>Regeringen har i dag sammen med forligspartierne p\u00e5 trafikomr\u00e5det besluttet at indf\u00f8re et nyt \u201dhypercard\u201d til alle unge mellem 16 og 19 \u00e5r, som er tilknyttet en ungdomsuddannelse. Skriver SF i sin pressemeddelelse <\/p>\n<p>\u2013 og fors\u00e6tter<br \/>\nSF\u2019s trafikordf\u00f8rer, Anne Baastrup, er selvf\u00f8lgelig glad for det nye kort, der medf\u00f8rer lavere priser p\u00e5 den kollektive trafik for landets unge.<\/p>\n<p>Men hun mener, det er et pinligt tilbagetog for regeringen, som sidste \u00e5r i genopretningsplanen indf\u00f8rte besparelser, der bet\u00f8d at trafikpriserne for landets unge steg med op til 70 %.<\/p>\n<p>&#8211; Selvom regeringens selvm\u00e5l er meget pinlig, et det dog gl\u00e6deligt for landets unge, som er afh\u00e6ngige af kollektiv trafik for at komme til deres ungdomsuddannelser.<\/p>\n<p>Det angreb mod landets unge, som regeringen sidste \u00e5r lancerede i genopretningsplanen, falder nu med et brag til jorden. siger SF\u2019s trafikordf\u00f8rer Anne Baastrup.<\/p>\n<p>&#8211; Jeg er glad for, at regeringen har besindet sig og er kommet til fornuft i sp\u00f8rgsm\u00e5let om trafikpriserne til landets unge.<\/p>\n<p>SF har hele tiden v\u00e6ret imod de t\u00e5belige besparelser, som ikke mindst har ramt de unge, der bor i yderomr\u00e5derne, siger Anne Baastrup og forts\u00e6tter:<\/p>\n<p>&#8211; Det virker som om regeringen er blevet forskr\u00e6kket, fordi s\u00e5 mange unge var utilfredse og klagede.<\/p>\n<p>Nu har den dog heldigvis \u00e6ndret kurs.<\/p>\n<p>For yderlig l\u00e6sning.<\/p>\n<p><a href=\"http:\/\/www.sf.dk\"><span style=\"text-decoration: underline;\">\/\/.sf.dk\/seneste-nyt<\/span><\/a><\/p>\n<p>&nbsp;<br \/>\n<a href=\"https:\/\/www.greens-efa.eu\/\"><span style=\"text-decoration: underline;\"><strong>Se den Gr\u00f8nne gruppe i parlamentet der<\/strong><\/span><\/a><br \/>\n&nbsp;<\/p>\n","protected":false},"excerpt":{"rendered":"<p>Regeringen har i dag sammen med forligspartierne p\u00e5 trafikomr\u00e5det besluttet at indf\u00f8re et nyt \u201dhypercard\u201d til alle unge mellem 16 og 19 \u00e5r, som er tilknyttet en ungdomsuddannelse. Skriver SF i sin pressemeddelelse \u2013 og fors\u00e6tter SF\u2019s trafikordf\u00f8rer, Anne Baastrup, er selvf\u00f8lgelig glad for det nye kort, der medf\u00f8rer lavere priser p\u00e5 den kollektive trafik [&hellip;]<\/p>\n","protected":false},"author":10,"featured_media":0,"comment_status":"open","ping_status":"closed","sticky":false,"template":"","format":"standard","meta":{"footnotes":""},"categories":[1],"tags":[],"class_list":["post-18093","post","type-post","status-publish","format-standard","hentry","category-df-nyt-dk"],"_links":{"self":[{"href":"https:\/\/df-nyt.dk\/blog\/wp-json\/wp\/v2\/posts\/18093","targetHints":{"allow":["GET"]}}],"collection":[{"href":"https:\/\/df-nyt.dk\/blog\/wp-json\/wp\/v2\/posts"}],"about":[{"href":"https:\/\/df-nyt.dk\/blog\/wp-json\/wp\/v2\/types\/post"}],"author":[{"embeddable":true,"href":"https:\/\/df-nyt.dk\/blog\/wp-json\/wp\/v2\/users\/10"}],"replies":[{"embeddable":true,"href":"https:\/\/df-nyt.dk\/blog\/wp-json\/wp\/v2\/comments?post=18093"}],"version-history":[{"count":3,"href":"https:\/\/df-nyt.dk\/blog\/wp-json\/wp\/v2\/posts\/18093\/revisions"}],"predecessor-version":[{"id":108273,"href":"https:\/\/df-nyt.dk\/blog\/wp-json\/wp\/v2\/posts\/18093\/revisions\/108273"}],"wp:attachment":[{"href":"https:\/\/df-nyt.dk\/blog\/wp-json\/wp\/v2\/media?parent=18093"}],"wp:term":[{"taxonomy":"category","embeddable":true,"href":"https:\/\/df-nyt.dk\/blog\/wp-json\/wp\/v2\/categories?post=18093"},{"taxonomy":"post_tag","embeddable":true,"href":"https:\/\/df-nyt.dk\/blog\/wp-json\/wp\/v2\/tags?post=18093"}],"curies":[{"name":"wp","href":"https:\/\/api.w.org\/{rel}","templated":true}]}}