{"id":18114,"date":"2011-03-17T12:16:41","date_gmt":"2011-03-17T11:16:41","guid":{"rendered":"http:\/\/df-nyt.dk\/?p=18114"},"modified":"2024-11-01T08:46:54","modified_gmt":"2024-11-01T07:46:54","slug":"sf-kraever-svar-efter-ministers-brug-af-ulovlig-arbejdskraft","status":"publish","type":"post","link":"https:\/\/df-nyt.dk\/blog\/sf-kraever-svar-efter-ministers-brug-af-ulovlig-arbejdskraft\/","title":{"rendered":"SF kr\u00e6ver svar efter ministers brug af ulovlig arbejdskraft"},"content":{"rendered":"<p><img loading=\"lazy\" decoding=\"async\" class=\"alignleft \" title=\"170320111215\" src=\"https:\/\/df-nyt.dk\/\/wp-content\/uploads\/170320111215.png\" alt=\"\" width=\"208\" height=\"150\" \/>SF kr\u00e6ver svar fra regeringen, efter at det er kommet frem, at et medlem af regeringen har ansat ikke-registreret udenlandsk arbejdskraft. Skriver SF i sin pressemeddelelse<\/p>\n<p>-Og forts\u00e6tter<br \/>\nEn minister b\u00f8r om nogen v\u00e6re opsat p\u00e5 at unders\u00f8ge de byggefirmaer, hun hyrer.<\/p>\n<p>At v\u00e6lge et ikke-registreret udenlandsk firma, der oven i k\u00f8bet har n\u00e6gtet at tegne overenskomst, der sikrer de ansatte ordentlige l\u00f8n og arbejdsforhold, er en v\u00e5d klud i ansigtet p\u00e5 de mange danske h\u00e5ndv\u00e6rkere, der i dag g\u00e5r uden arbejde.<\/p>\n<p>&#8211; Jeg synes det er et ufatteligt d\u00e5rligt signal n\u00e5r landets ministrer p\u00e5 den m\u00e5de bl\u00e6ser p\u00e5 danske arbejdspladser og danske overenskomstforhold, siger SF\u2019s erhvervsordf\u00f8rer Karsten H\u00f8nge.<\/p>\n<p>&#8211; Signalet til arbejdsl\u00f8se danske h\u00e5ndv\u00e6rkere er &#8211; lov eller ej &#8211; ufatteligt ringe.<\/p>\n<p>Hvordan danske h\u00e5ndv\u00e6rkere skal have tillid til at denne regering reelt \u00f8nsker at sikre et ordentligt og fair arbejdsmarked med ordnede forhold &#8211; ogs\u00e5 for udenlandsk arbejdskraft &#8211; det er mig ubegribeligt.<\/p>\n<p>Jeg synes det er skamfuldt, udtaler SF\u2019s erhvervsordf\u00f8rer Karsten H\u00f8nge.<\/p>\n<p>Karsten H\u00f8nge har derfor stillet f\u00f8lgende sp\u00f8rgsm\u00e5l til statsministeren \/ besk\u00e6ftigelsesministeren:<\/p>\n<p>&#8211; Hvilket signal mener statsministeren \/ besk\u00e6ftigelsesministeren det sender til befolkningen, n\u00e5r et medlem af regeringen v\u00e6lger at benytte <span style=\"text-decoration: underline;\"> ikke-registreret<\/span> udenlandsk arbejdskraft til ombygning af sin private bolig, oven i k\u00f8bet i en situation hvor der er stor arbejdsl\u00f8shed blandt danske bygningsh\u00e5ndv\u00e6rkere?<\/p>\n<p>For yderlig l\u00e6sning<\/p>\n<p><a href=\"http:\/\/sf.dk\/\" target=\"_blank\" rel=\"noopener noreferrer\"><u>Seneste nyt fra SF <\/u><\/a><br \/>\n&nbsp;<br \/>\n<a href=\"http:\/\/greens-efa.eu\/\" target=\"_blank\" rel=\"noopener noreferrer; noreferrer\"><u>Se den Gr\u00f8nne gruppe i parlamentet her<\/u><\/a><\/p>\n","protected":false},"excerpt":{"rendered":"<p>SF kr\u00e6ver svar fra regeringen, efter at det er kommet frem, at et medlem af regeringen har ansat ikke-registreret udenlandsk arbejdskraft. Skriver SF i sin pressemeddelelse -Og forts\u00e6tter En minister b\u00f8r om nogen v\u00e6re opsat p\u00e5 at unders\u00f8ge de byggefirmaer, hun hyrer. At v\u00e6lge et ikke-registreret udenlandsk firma, der oven i k\u00f8bet har n\u00e6gtet at [&hellip;]<\/p>\n","protected":false},"author":10,"featured_media":0,"comment_status":"open","ping_status":"closed","sticky":false,"template":"","format":"standard","meta":{"footnotes":""},"categories":[1],"tags":[],"class_list":["post-18114","post","type-post","status-publish","format-standard","hentry","category-df-nyt-dk"],"_links":{"self":[{"href":"https:\/\/df-nyt.dk\/blog\/wp-json\/wp\/v2\/posts\/18114","targetHints":{"allow":["GET"]}}],"collection":[{"href":"https:\/\/df-nyt.dk\/blog\/wp-json\/wp\/v2\/posts"}],"about":[{"href":"https:\/\/df-nyt.dk\/blog\/wp-json\/wp\/v2\/types\/post"}],"author":[{"embeddable":true,"href":"https:\/\/df-nyt.dk\/blog\/wp-json\/wp\/v2\/users\/10"}],"replies":[{"embeddable":true,"href":"https:\/\/df-nyt.dk\/blog\/wp-json\/wp\/v2\/comments?post=18114"}],"version-history":[{"count":4,"href":"https:\/\/df-nyt.dk\/blog\/wp-json\/wp\/v2\/posts\/18114\/revisions"}],"predecessor-version":[{"id":106319,"href":"https:\/\/df-nyt.dk\/blog\/wp-json\/wp\/v2\/posts\/18114\/revisions\/106319"}],"wp:attachment":[{"href":"https:\/\/df-nyt.dk\/blog\/wp-json\/wp\/v2\/media?parent=18114"}],"wp:term":[{"taxonomy":"category","embeddable":true,"href":"https:\/\/df-nyt.dk\/blog\/wp-json\/wp\/v2\/categories?post=18114"},{"taxonomy":"post_tag","embeddable":true,"href":"https:\/\/df-nyt.dk\/blog\/wp-json\/wp\/v2\/tags?post=18114"}],"curies":[{"name":"wp","href":"https:\/\/api.w.org\/{rel}","templated":true}]}}