{"id":18123,"date":"2011-03-17T18:03:19","date_gmt":"2011-03-17T17:03:19","guid":{"rendered":"http:\/\/df-nyt.dk\/?p=18123"},"modified":"2016-12-14T22:02:44","modified_gmt":"2016-12-14T21:02:44","slug":"sf-stopper-stalking","status":"publish","type":"post","link":"https:\/\/df-nyt.dk\/blog\/sf-stopper-stalking\/","title":{"rendered":"SF stopper stalking"},"content":{"rendered":"<p><a href=\"https:\/\/df-nyt.dk\/blog\/wp-content\/uploads\/170320111801.png\"><img loading=\"lazy\" decoding=\"async\" class=\"alignleft size-full wp-image-18124\" title=\"170320111801\" src=\"https:\/\/df-nyt.dk\/blog\/wp-content\/uploads\/170320111801.png\" alt=\"\" width=\"274\" height=\"196\" \/><\/a><\/p>\n<p>&nbsp;<\/p>\n<p>&nbsp;<\/p>\n<p>SF stopper stalking<\/p>\n<p>Retsordf\u00f8rer Karina Lorentzen gl\u00e6der sig over, at justitsministeren efter stort politisk pres nu indkalder partierne til en dr\u00f8ftelse om &#8216;stalking&#8217;.<\/p>\n<p>Skriver SF i en pressemeddelse &#8211; og forts\u00e6tter.<\/p>\n<p>&#8211; Jeg er utrolig glad p\u00e5 vegne af de mange ofre, som oplever at f\u00e5 deres liv og hverdag \u00f8delagt.<\/p>\n<p>N\u00e5r man som jeg har m\u00f8dt mennesker, der oplever at blive forfulgt n\u00e6rmest d\u00f8gnet rundt, og som modtager truende henvendelser, sms&#8217;er og telefonopkald til de ikke kan mere, men som ikke kan hente hj\u00e6lp nogen steder, s\u00e5 forst\u00e5r man virkelig, hvor alvorligt det her kan v\u00e6re, siger SF&#8217;s retsordf\u00f8rer Karina Lorentzen.<\/p>\n<p>Den politiske debat om stalking startede tilbage i 2009, hvor SF fremsatte et udf\u00f8rligt forslag i Folketinget.<\/p>\n<p>Det forslag f\u00f8rte til, at justitsministeren fik strafferetsplejeudvalget til at gennemg\u00e5 den eksisterende lovgivning.<\/p>\n<p>&#8211; Vi kan selvf\u00f8lgelig ikke fjerne problemet fuldst\u00e6ndig, men jeg har en r\u00e6kke gode forslag til, hvordan vi kan komme ofrene til unds\u00e6tning.<\/p>\n<p>Vi skal kriminalisere forhold, hvor politiet i dag er afsk\u00e5ret fra at gribe ind, og vi skal d\u00f8mme til behandling.<\/p>\n<p>Ofrene for stalking skal sikres vilk\u00e5r p\u00e5 linje med voldsofre, fx adgang til erstatning og psykologhj\u00e6lp.<\/p>\n<p>Jeg tror p\u00e5, at partierne er enige om, at der skal g\u00f8res noget p\u00e5 det her omr\u00e5de. Derfor skal vi nok n\u00e5 et godt resultat, siger SF&#8217;s retsordf\u00f8rer Karina Lorentzen.<\/p>\n<p>SF vurderer, at der hvert \u00e5r er op imod 10.000 danskere, som oplever at blive forfulgt af en bekendt, en tidligere samlever eller en helt fremmed.<\/p>\n<p>Ofrene oplever usikkerhed og f\u00f8ler sig m\u00e5ske truet p\u00e5 livet, men kan i mange tilf\u00e6lde ikke f\u00e5 hj\u00e6lp hos politiet.<\/p>\n<p>SF \u00f8nsker derfor en \u00e6ndring af straffeloven.<\/p>\n<p><a href=\"http:\/\/www.sf.dk\/\" target=\"_blank\"><span style=\"text-decoration: underline;\"><strong>L\u00e6s flere nyheder HER<\/strong><\/span><\/a><\/p>\n","protected":false},"excerpt":{"rendered":"<p>&nbsp; &nbsp; SF stopper stalking Retsordf\u00f8rer Karina Lorentzen gl\u00e6der sig over, at justitsministeren efter stort politisk pres nu indkalder partierne til en dr\u00f8ftelse om &#8216;stalking&#8217;. Skriver SF i en pressemeddelse &#8211; og forts\u00e6tter. &#8211; Jeg er utrolig glad p\u00e5 vegne af de mange ofre, som oplever at f\u00e5 deres liv og hverdag \u00f8delagt. N\u00e5r man [&hellip;]<\/p>\n","protected":false},"author":10,"featured_media":0,"comment_status":"open","ping_status":"closed","sticky":false,"template":"","format":"standard","meta":{"footnotes":""},"categories":[1],"tags":[],"class_list":["post-18123","post","type-post","status-publish","format-standard","hentry","category-df-nyt-dk"],"_links":{"self":[{"href":"https:\/\/df-nyt.dk\/blog\/wp-json\/wp\/v2\/posts\/18123","targetHints":{"allow":["GET"]}}],"collection":[{"href":"https:\/\/df-nyt.dk\/blog\/wp-json\/wp\/v2\/posts"}],"about":[{"href":"https:\/\/df-nyt.dk\/blog\/wp-json\/wp\/v2\/types\/post"}],"author":[{"embeddable":true,"href":"https:\/\/df-nyt.dk\/blog\/wp-json\/wp\/v2\/users\/10"}],"replies":[{"embeddable":true,"href":"https:\/\/df-nyt.dk\/blog\/wp-json\/wp\/v2\/comments?post=18123"}],"version-history":[{"count":0,"href":"https:\/\/df-nyt.dk\/blog\/wp-json\/wp\/v2\/posts\/18123\/revisions"}],"wp:attachment":[{"href":"https:\/\/df-nyt.dk\/blog\/wp-json\/wp\/v2\/media?parent=18123"}],"wp:term":[{"taxonomy":"category","embeddable":true,"href":"https:\/\/df-nyt.dk\/blog\/wp-json\/wp\/v2\/categories?post=18123"},{"taxonomy":"post_tag","embeddable":true,"href":"https:\/\/df-nyt.dk\/blog\/wp-json\/wp\/v2\/tags?post=18123"}],"curies":[{"name":"wp","href":"https:\/\/api.w.org\/{rel}","templated":true}]}}