{"id":18131,"date":"2011-03-17T21:47:40","date_gmt":"2011-03-17T20:47:40","guid":{"rendered":"http:\/\/df-nyt.dk\/?p=18131"},"modified":"2024-11-01T16:45:31","modified_gmt":"2024-11-01T15:45:31","slug":"sf-transportminister-skal-redeg%c3%b8re-for-mangelfuld-kontrol-af-partikelfiltre","status":"publish","type":"post","link":"https:\/\/df-nyt.dk\/blog\/sf-transportminister-skal-redeg%c3%b8re-for-mangelfuld-kontrol-af-partikelfiltre\/","title":{"rendered":"SF: Transportminister skal redeg\u00f8re for mangelfuld kontrol af partikelfiltre"},"content":{"rendered":"<p><img loading=\"lazy\" decoding=\"async\" class=\"alignleft size-full \" title=\"170320112146\" src=\"https:\/\/df-nyt.dk\/\/wp-content\/uploads\/170320112146.png\" alt=\"\" width=\"275\" height=\"196\" \/><\/p>\n<p>Udsendelsen, Operation X: Den usynlige dr\u00e6ber, p\u00e5 TV2 her til aften viste, at det syn af k\u00f8ret\u00f8jer, som skal sikre at tunge k\u00f8ret\u00f8jers partikelfiltre &#8211; der skal beskytte borgerne mod sundhedsskadelige partikler &#8211; ikke virker.<\/p>\n<p>SFs milj\u00f8ordf\u00f8rer Trine Pertou Mach kr\u00e6ver en redeg\u00f8relse fra transportministeren. Skriver SF i sin pressemeddelelse <\/p>\n<p>-Og forts\u00e6tter<br \/>\n&#8211; Det er jo helt gak, at n\u00e5r regeringen endelig er g\u00e5et med til at indf\u00f8re milj\u00f8zoner, n\u00e5r vi kr\u00e6ver partikelfiltre p\u00e5 tunge k\u00f8ret\u00f8jer, og n\u00e5r vi har et helt kontrolapparat, der skal sikre borgernes sundhed og s\u00f8rge for at luftforureningen begr\u00e6nses, at det s\u00e5 slet ikke virker efter hensigten, udtaler SFs milj\u00f8ordf\u00f8rer Trine Pertou Mach.<\/p>\n<p>&#8211; Derfor vil jeg nu kr\u00e6ve en redeg\u00f8relse fra transportministeren, der har ansvaret for synsmyndigheden.<\/p>\n<p>Regeringen var meget l\u00e6nge om at bakke op om indf\u00f8relsen af milj\u00f8zoner og partikelfiltre og nu, hvor vi s\u00e5 har dem, s\u00e5 sejler kontrollen tilsyneladende.<\/p>\n<p>Det er simpelthen ikke godt nok og ministeren m\u00e5 redeg\u00f8re for, hvordan kontrollen kan styrkes, siger Trine Pertou Mach.<\/p>\n<p>&#8211; Det skal v\u00e6re slut med snyd.<br \/>\nVi skal have et syn, der sikrer, at filteret er p\u00e5sat og virker og &#8216;h\u00f8rer sammen&#8217; med motoren, s\u00e5 det ikke kan flyttes fra bil til bil.<\/p>\n<p>Desuden skal politiet lave kampagner, hvor de netop unders\u00f8ger alle tunge k\u00f8ret\u00f8jers udst\u00f8dning, b\u00e5de om der reelt er p\u00e5sat filter, om det h\u00f8rer sammen med motoren, og om det faktisk virker, slutter Trine Pertou Mach.<\/p>\n<p>SF vil nu bede transportministeren om en redeg\u00f8relse, som skal foreligge inden det samr\u00e5d, som SF har indkaldt milj\u00f8ministeren til om luftforureningsproblemerne i K\u00f8benhavn den 7. april. Skriver SF i sin pressemeddelelse.<\/p>\n<p>For yderlig l\u00e6sning<\/p>\n<p><a href=\"http:\/\/sf.dk\/\" target=\"_blank\" rel=\"noopener noreferrer\"><u>Seneste nyt fra SF her<\/u><\/a><br \/>\n&nbsp;<\/p>\n","protected":false},"excerpt":{"rendered":"<p>Udsendelsen, Operation X: Den usynlige dr\u00e6ber, p\u00e5 TV2 her til aften viste, at det syn af k\u00f8ret\u00f8jer, som skal sikre at tunge k\u00f8ret\u00f8jers partikelfiltre &#8211; der skal beskytte borgerne mod sundhedsskadelige partikler &#8211; ikke virker. SFs milj\u00f8ordf\u00f8rer Trine Pertou Mach kr\u00e6ver en redeg\u00f8relse fra transportministeren. Skriver SF i sin pressemeddelelse -Og forts\u00e6tter &#8211; Det er [&hellip;]<\/p>\n","protected":false},"author":10,"featured_media":0,"comment_status":"open","ping_status":"closed","sticky":false,"template":"","format":"standard","meta":{"footnotes":""},"categories":[1],"tags":[],"class_list":["post-18131","post","type-post","status-publish","format-standard","hentry","category-df-nyt-dk"],"_links":{"self":[{"href":"https:\/\/df-nyt.dk\/blog\/wp-json\/wp\/v2\/posts\/18131","targetHints":{"allow":["GET"]}}],"collection":[{"href":"https:\/\/df-nyt.dk\/blog\/wp-json\/wp\/v2\/posts"}],"about":[{"href":"https:\/\/df-nyt.dk\/blog\/wp-json\/wp\/v2\/types\/post"}],"author":[{"embeddable":true,"href":"https:\/\/df-nyt.dk\/blog\/wp-json\/wp\/v2\/users\/10"}],"replies":[{"embeddable":true,"href":"https:\/\/df-nyt.dk\/blog\/wp-json\/wp\/v2\/comments?post=18131"}],"version-history":[{"count":1,"href":"https:\/\/df-nyt.dk\/blog\/wp-json\/wp\/v2\/posts\/18131\/revisions"}],"predecessor-version":[{"id":106342,"href":"https:\/\/df-nyt.dk\/blog\/wp-json\/wp\/v2\/posts\/18131\/revisions\/106342"}],"wp:attachment":[{"href":"https:\/\/df-nyt.dk\/blog\/wp-json\/wp\/v2\/media?parent=18131"}],"wp:term":[{"taxonomy":"category","embeddable":true,"href":"https:\/\/df-nyt.dk\/blog\/wp-json\/wp\/v2\/categories?post=18131"},{"taxonomy":"post_tag","embeddable":true,"href":"https:\/\/df-nyt.dk\/blog\/wp-json\/wp\/v2\/tags?post=18131"}],"curies":[{"name":"wp","href":"https:\/\/api.w.org\/{rel}","templated":true}]}}