{"id":18140,"date":"2011-03-18T08:15:02","date_gmt":"2011-03-18T07:15:02","guid":{"rendered":"http:\/\/df-nyt.dk\/?p=18140"},"modified":"2025-06-26T22:41:38","modified_gmt":"2025-06-26T20:41:38","slug":"asylcentre-er-ikke-for-b%c3%b8rn","status":"publish","type":"post","link":"https:\/\/df-nyt.dk\/blog\/asylcentre-er-ikke-for-b%c3%b8rn\/","title":{"rendered":"Asylcentre er ikke for b\u00f8rn"},"content":{"rendered":"<p><img loading=\"lazy\" decoding=\"async\" class=\"alignleft size-full \" title=\"180320110813\" src=\"https:\/\/df-nyt.dk\/\/wp-content\/uploads\/180320110813.png\" alt=\"\" width=\"232\" height=\"151\" \/><br \/>\nI begyndelsen af februar 2011 oplyste Udl\u00e6ndingeservice, at 77 b\u00f8rn har boet p\u00e5 et asylcenter i mere end 2 \u00e5r, og 169 b\u00f8rn har boet der mellem 1 og 2 \u00e5r.<\/p>\n<p>Det er i alt 246 b\u00f8rn, der har boet der for l\u00e6nge.<br \/>\nDesuden oplyses, at 27 b\u00f8rn mellem 1 og 14 \u00e5r har boet der hele deres liv.<\/p>\n<p>Det kan vi ikke v\u00e6re bekendt.<\/p>\n<p><img loading=\"lazy\" decoding=\"async\" class=\" alignleft \" title=\"180320110809\" src=\"https:\/\/df-nyt.dk\/\/wp-content\/uploads\/180320110809.png\" alt=\"\" width=\"202\" height=\"76\" \/><\/p>\n<p>I sep. 2007 skrev politiken, B\u00f8rn bliver syge i danske asylcentre<br \/>\nPsykiatere og psykologer anklager myndighederne for ikke at sikre b\u00f8rnene fundamental sundhed.<\/p>\n<p>B\u00f8rn i danske asylcentre lever med s\u00e5 voldsomme psykiske problemer, at de vil udvikle kroniske lidelser, hvis de ikke f\u00e5r professionel hj\u00e6lp.<\/p>\n<p>S\u00e5dan lyder konklusionen fra en r\u00e6kke b\u00f8rnepsykiatere og b\u00f8rnepsykologer, som har unders\u00f8gt seks tilf\u00e6ldigt udvalgte b\u00f8rn.<\/p>\n<p>I alt bor der godt 200 b\u00f8rn p\u00e5 asylcentrene, og mange af dem har v\u00e6ret der i adskillige \u00e5r. Skrev Politiken i 2007.<\/p>\n<p>Nu er vi s\u00e5 i 2011 &#8211; og nu bor der 246 b\u00f8rn.<\/p>\n<p>Reference<br \/>\nHjemmesiden, \/\/politiken.dk\/indland\/article382536.ece-politiken<br \/>\nHjemmesiden, \/\/asylboerneneudnu.dk:80 \/&#8221;<br \/>\nHjemmesiden, \/\/asylboerneneudnu.dk<\/p>\n<p>For yderlig l\u00e6sning<\/p>\n<p><a href=\"https:\/\/df-nyt.dk\/?p=8466 \/\" rel=\"noreferrer nofollow\"><span style=\"text-decoration: underline;\">Trods traumer og angst f\u00e5r mindre end hvert tiende barn i de danske asylcentre tilbudt en psykolog<\/span><\/a><br \/>\n&nbsp;<br \/>\n<a href=\"https:\/\/df-nyt.dk\/?p=15604 \/\" rel=\"noreferrer nofollow\"><span style=\"text-decoration: underline;\">Q-Freedom, h\u00f8jrefl\u00f8jens muntre hj\u00f8rne<\/span><\/a><br \/>\n&nbsp;<br \/>\n<a href=\"https:\/\/df-nyt.dk\/?p=18103 \/\" rel=\"noreferrer nofollow\"><span style=\"text-decoration: underline;\">KAREN \u2013 Venstres islamofobiske platform<\/span><\/a><\/p>\n","protected":false},"excerpt":{"rendered":"<p>I begyndelsen af februar 2011 oplyste Udl\u00e6ndingeservice, at 77 b\u00f8rn har boet p\u00e5 et asylcenter i mere end 2 \u00e5r, og 169 b\u00f8rn har boet der mellem 1 og 2 \u00e5r. Det er i alt 246 b\u00f8rn, der har boet der for l\u00e6nge. Desuden oplyses, at 27 b\u00f8rn mellem 1 og 14 \u00e5r har boet [&hellip;]<\/p>\n","protected":false},"author":10,"featured_media":0,"comment_status":"open","ping_status":"closed","sticky":false,"template":"","format":"standard","meta":{"footnotes":""},"categories":[1],"tags":[],"class_list":["post-18140","post","type-post","status-publish","format-standard","hentry","category-df-nyt-dk"],"_links":{"self":[{"href":"https:\/\/df-nyt.dk\/blog\/wp-json\/wp\/v2\/posts\/18140","targetHints":{"allow":["GET"]}}],"collection":[{"href":"https:\/\/df-nyt.dk\/blog\/wp-json\/wp\/v2\/posts"}],"about":[{"href":"https:\/\/df-nyt.dk\/blog\/wp-json\/wp\/v2\/types\/post"}],"author":[{"embeddable":true,"href":"https:\/\/df-nyt.dk\/blog\/wp-json\/wp\/v2\/users\/10"}],"replies":[{"embeddable":true,"href":"https:\/\/df-nyt.dk\/blog\/wp-json\/wp\/v2\/comments?post=18140"}],"version-history":[{"count":3,"href":"https:\/\/df-nyt.dk\/blog\/wp-json\/wp\/v2\/posts\/18140\/revisions"}],"predecessor-version":[{"id":108271,"href":"https:\/\/df-nyt.dk\/blog\/wp-json\/wp\/v2\/posts\/18140\/revisions\/108271"}],"wp:attachment":[{"href":"https:\/\/df-nyt.dk\/blog\/wp-json\/wp\/v2\/media?parent=18140"}],"wp:term":[{"taxonomy":"category","embeddable":true,"href":"https:\/\/df-nyt.dk\/blog\/wp-json\/wp\/v2\/categories?post=18140"},{"taxonomy":"post_tag","embeddable":true,"href":"https:\/\/df-nyt.dk\/blog\/wp-json\/wp\/v2\/tags?post=18140"}],"curies":[{"name":"wp","href":"https:\/\/api.w.org\/{rel}","templated":true}]}}