{"id":18168,"date":"2011-03-18T10:22:10","date_gmt":"2011-03-18T09:22:10","guid":{"rendered":"http:\/\/df-nyt.dk\/?p=18168"},"modified":"2024-10-14T15:52:58","modified_gmt":"2024-10-14T13:52:58","slug":"hade-bloggerer-folder-sig-ud-pa-jyllandsposten-og-rammer-bunden","status":"publish","type":"post","link":"https:\/\/df-nyt.dk\/blog\/hade-bloggerer-folder-sig-ud-pa-jyllandsposten-og-rammer-bunden\/","title":{"rendered":"&#8216;Hade-Bloggerer&#8217; folder sig ud p\u00e5 Jyllandsposten og rammer bunden"},"content":{"rendered":"<p>Her er et eksempel<\/p>\n<p>Men f\u00f8rst-<br \/>\nGeert Wilders &#8211; for han har samme problem som -hade-Bloggeren p\u00e5 Jyllandsposten: Hans pal\u00e6stinensiske morder er sandsynligvis en thailandsk tjener<\/p>\n<p>Det grusomme mord p\u00e5 en nybygger familie i Pal\u00e6stina den 11. marts i \u00e5r, forbliver rystende, uanset hvem det var.<\/p>\n<p><img loading=\"lazy\" decoding=\"async\" src=\"https:\/\/df-nyt.dk\/wp-content\/uploads\/180320111008.png\" alt=\"\" width=\"400\" height=\"149\" class=\"alignnone size-medium \" \/><\/p>\n<p>Men Geert Wilders har et problem.<br \/>\nHan gjorde pr\u00e6cis det samme som en politi-kommiss\u00e6r i Drenthe. Han kvidrede nemlig s\u00f8ndag 13 mar, uden at kende detaljerne.<\/p>\n<p>Og konkluderede- &#8220;islamisk fascisme&#8221;.<br \/>\n\/\/krapuul.nl\/nieuws\/30381\/wilders-heeft-een-probleem-zn-palestijnse-moordenaar-is-waarschijnlijk-een-thaise-huisknecht\/Krapuul rapportere):<\/p>\n<p><img loading=\"lazy\" decoding=\"async\" src=\"https:\/\/df-nyt.dk\/wp-content\/uploads\/180320111040.png\" alt=\"\" width=\"400\" height=\"311\" class=\"alignnone size-medium \" \/><\/p>\n<p><img loading=\"lazy\" decoding=\"async\" src=\"https:\/\/df-nyt.dk\/wp-content\/uploads\/180320111014.png\" alt=\"\" width=\"223\" height=\"258\" class=\"alignnone size-full \" \/><\/p>\n<p>-Itamar drab udf\u00f8rt af udenlandske arbejdstager<br \/>\nNyhedssider tilknyttet PA rejser tvivl om israelske p\u00e5stande om det var palistinensere som stod bag drabene, de siger IDF har anholdt en thailandsk arbejdstager.<\/p>\n<p>Det Betlehem-baserede nyhedsbureau Ma&#8217;an, hvilket er t\u00e6t p\u00e5 PA ledelsen, havde en ledende nyhedshistorie, der h\u00e6vdede, at en thailandsk arbejdstager var blevet anholdt af IDF p\u00e5 mistanke om at han havde dr\u00e6bt de fem medlemmer af Fogel familien fredag aften.<\/p>\n<p>Agenturet siger ikke, hvordan de har f\u00e5et oplysningerne. Men, det siges, at kort efter drabene, har Israels sikkerheds styrker arresterede alle de thailandske arbejdere, som var inde i omr\u00e5det.<\/p>\n<p>Man understreges, at ingen pal\u00e6stinensisk gruppe havde p\u00e5taget sig ansvaret for angrebet, og at det var forbudt for pal\u00e6stinenserne at komme ind i bos\u00e6ttelsen.<\/p>\n<p>Et anden pal\u00e6stinensisk nyhedsbureau, Qudsnet, h\u00e6vdede, at en asiatisk mand, der plejede at arbejde for Fogel familien stod bag drabene.<\/p>\n<p>De Citerer en pal\u00e6stinensisk familie, der bor i den n\u00e6rliggende landsby Awarta, de skriver, at familien blev myrdet, fordi faderen n\u00e6gtede at betale den asiatiske arbejdstager hans l\u00f8n, som er ansl\u00e5et til 10.000 sekel.<\/p>\n<p>Den seneste anprisninger kom som PA pr\u00e6sident Mahmoud Abbas med i et interview med Kol Yisrael, der ford\u00f8mte han Itamar drab som &#8220;foragteligt, umoralsk og umenneskeligt.&#8221;<\/p>\n<p>Abbas sagde, at et &#8220;menneske ikke er i stand til s\u00e5dan noget.&#8221; Han sagde, at havde PA\u00a0forinden haft information, &#8220;vi ville have forhindret dette.&#8221;<\/p>\n<p>Han tilbyder at hj\u00e6lpe Israel i forbindelse med unders\u00f8gelsen, Abbas afvist beskyldninger om tilskyndelse og sagde, at han var parat til at v\u00e6re en del af en israelsk-amerikansk-pal\u00e6stinensiske udvalg til at unders\u00f8ge p\u00e5standene.<br \/>\n\/\/jpost.com\/MiddleEast\/Article.aspx?id=212115-Jerusalem Post<\/p>\n<p>Det bringer mig s\u00e5 til, -om ikke det er st\u00e6rkt belastende for Jyllandspostens trov\u00e6rdighed, n\u00e5r man p\u00e5 deres medie, kan finde et Blog-indl\u00e6g som dette: <\/p>\n<p><img loading=\"lazy\" decoding=\"async\" src=\"https:\/\/df-nyt.dk\/wp-content\/uploads\/180320111041.png\" alt=\"\" width=\"400\" height=\"398\" class=\"alignnone size-medium \" \/><br \/>\n&nbsp;<br \/>\n<img loading=\"lazy\" decoding=\"async\" src=\"https:\/\/df-nyt.dk\/wp-content\/uploads\/290320111038.png\" alt=\"\" width=\"260\" height=\"400\" class=\"alignnone size-medium \" \/><\/p>\n<p>Blog-indl\u00e6gget er skrevet af Bernard Tangg\u00e5rd, som efter egne oplysninger er tilknyttet t\u00e6nketanken Jerusalem Center for Public Affairs, -og det er lagt p\u00e5 Jyllandspostens Blog-sektion af Firoozeh Bazrafkan, som blev indvalgt i Trykkefrihedsselskabets bestyrelse p\u00e5 foreningens generalforsamling den 13. marts 2010.<\/p>\n<p>De \u00f8vrige bestyrelsesmedlemmer er: Leif Barbr\u00e9 Knudsen (suppleant), Marianne Horseb\u00f8g Myrup (suppleant), Katrine Winkel Holm, Jette Plesner Dali, Mikael Kai Henriksen, Rachel Adelberg Johansen og Kit Louise Strand.<\/p>\n<p>Bernard Tangg\u00e5rd, kalder sig ogs\u00e5 for Bernard T. Bouhadana og var opstillet som nr. 9 p\u00e5 listen for Dansk Folkeparti til kommunalvalget den 15. november 2005. i Hvidovre Kommune.<\/p>\n<p>Du kan l\u00e6se mere om, og af Bernard T. Bouhadana, p\u00e5\u00a0\/\/roicommunity.org \/users\/bernard-bouhadana&#8221;<\/p>\n<p>Du kan se Bernard Tangg\u00e5rds professionelle profil.<\/p>\n<p>&nbsp;<br \/>\n<img loading=\"lazy\" decoding=\"async\" src=\"https:\/\/df-nyt.dk\/wp-content\/uploads\/290320111055.png\" alt=\"\" width=\"400\" height=\"294\" class=\"alignnone size-medium \" \/><\/p>\n<p>Du kan l\u00e6se hans Blog-indl\u00e6g p\u00e5 JP\u00a0<br \/>\n&nbsp;<br \/>\n<img loading=\"lazy\" decoding=\"async\" src=\"https:\/\/df-nyt.dk\/wp-content\/uploads\/280320111908.png\" alt=\"\" width=\"374\" height=\"400\" class=\"alignnone size-medium \" \/><\/p>\n<p>Billedet Et\u00a0screenshots fra JP&#8217;s Blog sektion \/jyllands-posten.dk<\/p>\n<p>For yderlig l\u00e6sning<\/p>\n<p><a href=\"http:\/\/p77.dk\/samfund-mennesker\/samfund\/444-sverige-racister-angreb-asylcenter-efter-falske-internetrygter-om-gruppevoldtaegt-\/\" target=\"_blank\" rel=\"noopener noreferrer\"><span style=\"text-decoration: underline;\">Netavisen, P77.dk &#8211; \/\/p77.dk\/samfund-mennesker-sverige-racister-angreb-asylcenter-efter-falske-internetrygter<\/span><\/a><br \/>\n&nbsp;<br \/>\n<a href=\"https:\/\/df-nyt.dk\/?p=16151\/\" target=\"_blank\" rel=\"noopener noreferrer\"><span style=\"text-decoration: underline;\">Mikael Jalvings dr\u00f8m?<\/span><\/a><br \/>\n&nbsp;<br \/>\n<a href=\"https:\/\/df-nyt.dk\/?p=15304\/\" target=\"_blank\" rel=\"noopener noreferrer\"><span style=\"text-decoration: underline;\">JP-journalist skal tale for svenske nynazister<\/span><\/a><br \/>\n&nbsp;<br \/>\n<a href=\"https:\/\/df-nyt.dk\/poul-erik-andersen-de-bliver-fraekkere-og-fraekkere-de-der-palaestinensere\/\" target=\"_blank\" rel=\"noopener noreferrer\"><span style=\"text-decoration: underline;\">Poul Erik Andersen: De bliver fr\u00e6kkere og fr\u00e6kkere, de der pal\u00e6stinensere<\/span><\/a><br \/>\n&nbsp;<br \/>\n<a href=\"https:\/\/df-nyt.dk\/?p=17890\/\" target=\"_blank\" rel=\"noopener noreferrer\"><span style=\"text-decoration: underline;\">Filip Dewinter fra det belgiske parti Vlaams Belang, klager over plakatkunst<\/span><\/a><br \/>\n&nbsp;<br \/>\n<a href=\"https:\/\/df-nyt.dk\/?p=16815\/\" target=\"_blank\" rel=\"noopener noreferrer\"><span style=\"text-decoration: underline;\">Islamofoben Geert Wilders \u00f8nsker at begr\u00e6nse ytringsfriheden i Holland <\/span><\/a><br \/>\n&nbsp;<br \/>\n<a href=\"https:\/\/df-nyt.dk\/?p=6167\/\" target=\"_blank\" rel=\"noopener noreferrer\"><span style=\"text-decoration: underline;\">Messerschmidt: Geert Wilders fortjener Sakharov-prisen<\/span><\/a><br \/>\n&nbsp;<\/p>\n","protected":false},"excerpt":{"rendered":"<p>Her er et eksempel Men f\u00f8rst- Geert Wilders &#8211; for han har samme problem som -hade-Bloggeren p\u00e5 Jyllandsposten: Hans pal\u00e6stinensiske morder er sandsynligvis en thailandsk tjener Det grusomme mord p\u00e5 en nybygger familie i Pal\u00e6stina den 11. marts i \u00e5r, forbliver rystende, uanset hvem det var. Men Geert Wilders har et problem. Han gjorde pr\u00e6cis [&hellip;]<\/p>\n","protected":false},"author":10,"featured_media":0,"comment_status":"open","ping_status":"closed","sticky":false,"template":"","format":"standard","meta":{"footnotes":""},"categories":[1],"tags":[],"class_list":["post-18168","post","type-post","status-publish","format-standard","hentry","category-df-nyt-dk"],"_links":{"self":[{"href":"https:\/\/df-nyt.dk\/blog\/wp-json\/wp\/v2\/posts\/18168","targetHints":{"allow":["GET"]}}],"collection":[{"href":"https:\/\/df-nyt.dk\/blog\/wp-json\/wp\/v2\/posts"}],"about":[{"href":"https:\/\/df-nyt.dk\/blog\/wp-json\/wp\/v2\/types\/post"}],"author":[{"embeddable":true,"href":"https:\/\/df-nyt.dk\/blog\/wp-json\/wp\/v2\/users\/10"}],"replies":[{"embeddable":true,"href":"https:\/\/df-nyt.dk\/blog\/wp-json\/wp\/v2\/comments?post=18168"}],"version-history":[{"count":4,"href":"https:\/\/df-nyt.dk\/blog\/wp-json\/wp\/v2\/posts\/18168\/revisions"}],"predecessor-version":[{"id":105537,"href":"https:\/\/df-nyt.dk\/blog\/wp-json\/wp\/v2\/posts\/18168\/revisions\/105537"}],"wp:attachment":[{"href":"https:\/\/df-nyt.dk\/blog\/wp-json\/wp\/v2\/media?parent=18168"}],"wp:term":[{"taxonomy":"category","embeddable":true,"href":"https:\/\/df-nyt.dk\/blog\/wp-json\/wp\/v2\/categories?post=18168"},{"taxonomy":"post_tag","embeddable":true,"href":"https:\/\/df-nyt.dk\/blog\/wp-json\/wp\/v2\/tags?post=18168"}],"curies":[{"name":"wp","href":"https:\/\/api.w.org\/{rel}","templated":true}]}}