{"id":18206,"date":"2011-03-18T13:38:07","date_gmt":"2011-03-18T12:38:07","guid":{"rendered":"http:\/\/df-nyt.dk\/?p=18206"},"modified":"2025-06-24T09:54:02","modified_gmt":"2025-06-24T07:54:02","slug":"vaekstforum-viser-igen-lars-lokkes-manglende-lederevner","status":"publish","type":"post","link":"https:\/\/df-nyt.dk\/blog\/vaekstforum-viser-igen-lars-lokkes-manglende-lederevner\/","title":{"rendered":"V\u00e6kstforum viser igen Lars L\u00f8kkes manglende lederevner"},"content":{"rendered":"<p><img loading=\"lazy\" decoding=\"async\" class=\"alignleft size-full \" title=\"180320111336\" src=\"https:\/\/df-nyt.dk\/blog\/wp-content\/uploads\/180320111336.png\" alt=\"\" width=\"274\" height=\"213\" \/><\/p>\n<p>SF finder det besk\u00e6mmende, at der ikke er opn\u00e5et enighed om budene p\u00e5 fremtidens v\u00e6kstvilk\u00e5r mellem erhvervslivets og l\u00f8nmodtagernes repr\u00e6sentanter.<\/p>\n<p>Skriver SF i sin pressemeddelelse \u2013 og fors\u00e6tter<\/p>\n<p>SF\u2019s v\u00e6kstordf\u00f8rer Steen Gade siger om udspillet.<\/p>\n<p>&#8211; Det er meget beklageligt, at vi i Danmark har en statsminister, der notorisk er s\u00e5 d\u00e5rlig til at skabe resultater, n\u00e5r det er allermest n\u00f8dvendigt. Situationen er alvorlig for Danmark.<\/p>\n<p>Vi har mistet mere end 170.000 private arbejdspladser under Lars L\u00f8kkes ledelse.<\/p>\n<p>Der er brug for, at vi alle tr\u00e6kker p\u00e5 samme hammel for at f\u00e5 skabt ny v\u00e6kst i Danmark.<\/p>\n<p>&#8211; Derfor er det meget trist, at statsministeren ikke har form\u00e5et at tilrettel\u00e6gge en proces, s\u00e5 alle rundt om bordet kunne blive enige.<\/p>\n<p>Danmark kommer ikke op i gear med mindre l\u00f8nmodtagerne f\u00f8ler sig inddraget, og er med til at tr\u00e6ffe de n\u00f8dvendige beslutninger.<\/p>\n<p>De skal levere en stor del af arbejdet med at f\u00e5 v\u00e6kst i erhvervslivet.<\/p>\n<p>De gode elementer i V\u00e6kstforums forslag er satsningen p\u00e5 uddannelse og forskning, samt anbefalingerne om at fastholde og udbygge de nuv\u00e6rende styrkepositioner inden for f\u00f8devareproduktion, l\u00e6gemidler, shipping og gr\u00f8n teknologi.<\/p>\n<p>En forslag, som desv\u00e6rre dumper, er forslaget om, at der ikke skal v\u00e6re SU p\u00e5 kandidatdelen af de videreg\u00e5ende uddannelser.<\/p>\n<p>&#8211; Jeg er alvorlig bange for, at vi vil miste en masse v\u00e6kstpotentiale, hvis vi g\u00f8r op med princippet om gratis uddannelse med lige adgang for alle.<\/p>\n<p>Det vil alt andet lige betyde, at f\u00e6rre talenter fra ikke-uddannelsesvante familier vil f\u00e5 en videreg\u00e5ende uddannelse, og at vi derfor ikke f\u00e5r udnyttet vores uddannelsesm\u00e6ssige potentiale godt nok, siger Steen Gade.<\/p>\n<p>Overordnet set er udspillet endnu et bevis for, at Danmark har brug for en ny regering.<\/p>\n<p>En regering der vil samarbejde, og hvor statsministeren ikke fejler, n\u00e5r der er mest brug for handling.<\/p>\n<p>For yderlig l\u00e6sning<\/p>\n<p><a href=\"http:\/\/www.sf.dk\/\" target=\"_blank\" rel=\"noopener\">\/\/.sf.dk\/seneste-nyt<\/a><\/p>\n<p><strong><a href=\"https:\/\/www.greens-efa.eu\/\" target=\"_blank\" rel=\"noopener\">Se den Gr\u00f8nne gruppe i parlamentet der<\/a><\/strong><\/p>\n","protected":false},"excerpt":{"rendered":"<p>SF finder det besk\u00e6mmende, at der ikke er opn\u00e5et enighed om budene p\u00e5 fremtidens v\u00e6kstvilk\u00e5r mellem erhvervslivets og l\u00f8nmodtagernes repr\u00e6sentanter. Skriver SF i sin pressemeddelelse \u2013 og fors\u00e6tter SF\u2019s v\u00e6kstordf\u00f8rer Steen Gade siger om udspillet. &#8211; Det er meget beklageligt, at vi i Danmark har en statsminister, der notorisk er s\u00e5 d\u00e5rlig til at skabe [&hellip;]<\/p>\n","protected":false},"author":10,"featured_media":0,"comment_status":"open","ping_status":"closed","sticky":false,"template":"","format":"standard","meta":{"footnotes":""},"categories":[1],"tags":[],"class_list":["post-18206","post","type-post","status-publish","format-standard","hentry","category-df-nyt-dk"],"_links":{"self":[{"href":"https:\/\/df-nyt.dk\/blog\/wp-json\/wp\/v2\/posts\/18206","targetHints":{"allow":["GET"]}}],"collection":[{"href":"https:\/\/df-nyt.dk\/blog\/wp-json\/wp\/v2\/posts"}],"about":[{"href":"https:\/\/df-nyt.dk\/blog\/wp-json\/wp\/v2\/types\/post"}],"author":[{"embeddable":true,"href":"https:\/\/df-nyt.dk\/blog\/wp-json\/wp\/v2\/users\/10"}],"replies":[{"embeddable":true,"href":"https:\/\/df-nyt.dk\/blog\/wp-json\/wp\/v2\/comments?post=18206"}],"version-history":[{"count":4,"href":"https:\/\/df-nyt.dk\/blog\/wp-json\/wp\/v2\/posts\/18206\/revisions"}],"predecessor-version":[{"id":108183,"href":"https:\/\/df-nyt.dk\/blog\/wp-json\/wp\/v2\/posts\/18206\/revisions\/108183"}],"wp:attachment":[{"href":"https:\/\/df-nyt.dk\/blog\/wp-json\/wp\/v2\/media?parent=18206"}],"wp:term":[{"taxonomy":"category","embeddable":true,"href":"https:\/\/df-nyt.dk\/blog\/wp-json\/wp\/v2\/categories?post=18206"},{"taxonomy":"post_tag","embeddable":true,"href":"https:\/\/df-nyt.dk\/blog\/wp-json\/wp\/v2\/tags?post=18206"}],"curies":[{"name":"wp","href":"https:\/\/api.w.org\/{rel}","templated":true}]}}