{"id":18219,"date":"2011-03-18T15:33:19","date_gmt":"2011-03-18T14:33:19","guid":{"rendered":"http:\/\/df-nyt.dk\/?p=18219"},"modified":"2016-11-16T20:32:24","modified_gmt":"2016-11-16T19:32:24","slug":"dansk-metal-skuffet-over-vaekstforum","status":"publish","type":"post","link":"https:\/\/df-nyt.dk\/blog\/dansk-metal-skuffet-over-vaekstforum\/","title":{"rendered":"Dansk Metal skuffet over V\u00e6kstforum"},"content":{"rendered":"<p><a href=\"https:\/\/df-nyt.dk\/blog\/wp-content\/uploads\/180320111531.png\"><img loading=\"lazy\" decoding=\"async\" class=\"alignleft size-full wp-image-18220\" title=\"180320111531\" src=\"https:\/\/df-nyt.dk\/blog\/wp-content\/uploads\/180320111531.png\" alt=\"\" width=\"136\" height=\"133\" \/><\/a><\/p>\n<p>Metals formand, Thorkild E. Jensen, kritiserer V\u00e6kstforums anbefalinger til regeringen:<\/p>\n<p>\u201dDer er alt for lidt v\u00e6kst i V\u00e6kstforum\u201d, mener han.<\/p>\n<p>Regeringens V\u00e6kstforum har i dag afleveret sine anbefalinger til regeringen, men selvom Dansk Metals og CO-industris formand, Thorkild E. Jensen, har deltaget i V\u00e6kstforums arbejde, s\u00e5 kan han ikke tilslutte sig alle anbefalingerne:<\/p>\n<p>&#8211; Flere af anbefalingerne fra V\u00e6kstforum er i mine \u00f8jne helt forkerte.<\/p>\n<p>Der er ingen forslag til, hvordan vi kan s\u00e6tte gang i v\u00e6ksten p\u00e5 kort sigt, og ambitionerne er for sm\u00e5.<\/p>\n<p>Derfor kan jeg naturligvis ikke skrive under, siger Thorkild E. Jensen.<\/p>\n<p>Han \u00e6rgrer sig over, at V\u00e6kstforum holder fast i forslaget om at afskaffe efterl\u00f8nnen og han finder det helt uacceptabelt, at V\u00e6kstforum foresl\u00e5r, at politikerne skal blande sig i l\u00f8ndannelsen:<\/p>\n<p>&#8211; Det h\u00f8rer ingen steder hjemme.<\/p>\n<p>L\u00f8n er noget, vi aftaler med arbejdsgiverne.<\/p>\n<p>Det er kernen i den danske model, og derfor skal regeringen og V\u00e6kstforum blande sig helt uden om, mener Metal-formanden.<\/p>\n<p>Thorkild E. Jensen undrer sig samtidig over, at V\u00e6kstforum nedvurderer betydningen af den offentlige sektor i Danmark:<\/p>\n<p>&#8211; Den offentlige sektor er en vigtig medspiller for det private erhvervsliv.<\/p>\n<p>Derfor er krav om tvangsudliciteringerne og massive besparelser p\u00e5 kernevelf\u00e6rden ikke noget, jeg kan acceptere. Et st\u00e6rkt velf\u00e6rdssamfund er faktisk en af foruds\u00e6tningerne for, at vi kan have et stort arbejdsudbud, siger Thorkild E. Jensen.<\/p>\n<p>If\u00f8lge Thorkild E. Jensen burde V\u00e6kstforum have fokuseret p\u00e5 konkrete forslag, der kunne styrke v\u00e6kst og besk\u00e6ftigelse p\u00e5 kort og lang sigt:<\/p>\n<p>&#8211; Vi har brug for en v\u00e6kstpakke.<\/p>\n<p>V\u00e6kstforum kunne have peget p\u00e5, hvilke offentlige investeringer vi kan fremrykke her og nu for at s\u00e6tte gang i v\u00e6ksten og skabe nye arbejdspladser.<\/p>\n<p>Samtidig savner jeg en plan for, hvordan vi kan lave en konkret uddannelsesgaranti, s\u00e5 vi sikrer, at fremtidens arbejdsstyrke matcher virksomhedernes behov, siger Thorkild E. Jensen if\u00f8lge en pressemeddelse.<\/p>\n<p><span style=\"text-decoration: underline;\"><strong>Du kan l\u00e6se flere nyheder HER <\/strong><\/span><\/p>\n<p><strong>************************************************** <\/strong><\/p>\n","protected":false},"excerpt":{"rendered":"<p>Metals formand, Thorkild E. Jensen, kritiserer V\u00e6kstforums anbefalinger til regeringen: \u201dDer er alt for lidt v\u00e6kst i V\u00e6kstforum\u201d, mener han. Regeringens V\u00e6kstforum har i dag afleveret sine anbefalinger til regeringen, men selvom Dansk Metals og CO-industris formand, Thorkild E. Jensen, har deltaget i V\u00e6kstforums arbejde, s\u00e5 kan han ikke tilslutte sig alle anbefalingerne: &#8211; Flere [&hellip;]<\/p>\n","protected":false},"author":10,"featured_media":0,"comment_status":"open","ping_status":"closed","sticky":false,"template":"","format":"standard","meta":{"footnotes":""},"categories":[1],"tags":[],"class_list":["post-18219","post","type-post","status-publish","format-standard","hentry","category-df-nyt-dk"],"_links":{"self":[{"href":"https:\/\/df-nyt.dk\/blog\/wp-json\/wp\/v2\/posts\/18219","targetHints":{"allow":["GET"]}}],"collection":[{"href":"https:\/\/df-nyt.dk\/blog\/wp-json\/wp\/v2\/posts"}],"about":[{"href":"https:\/\/df-nyt.dk\/blog\/wp-json\/wp\/v2\/types\/post"}],"author":[{"embeddable":true,"href":"https:\/\/df-nyt.dk\/blog\/wp-json\/wp\/v2\/users\/10"}],"replies":[{"embeddable":true,"href":"https:\/\/df-nyt.dk\/blog\/wp-json\/wp\/v2\/comments?post=18219"}],"version-history":[{"count":0,"href":"https:\/\/df-nyt.dk\/blog\/wp-json\/wp\/v2\/posts\/18219\/revisions"}],"wp:attachment":[{"href":"https:\/\/df-nyt.dk\/blog\/wp-json\/wp\/v2\/media?parent=18219"}],"wp:term":[{"taxonomy":"category","embeddable":true,"href":"https:\/\/df-nyt.dk\/blog\/wp-json\/wp\/v2\/categories?post=18219"},{"taxonomy":"post_tag","embeddable":true,"href":"https:\/\/df-nyt.dk\/blog\/wp-json\/wp\/v2\/tags?post=18219"}],"curies":[{"name":"wp","href":"https:\/\/api.w.org\/{rel}","templated":true}]}}