{"id":18229,"date":"2011-03-18T16:55:29","date_gmt":"2011-03-18T15:55:29","guid":{"rendered":"http:\/\/df-nyt.dk\/?p=18229"},"modified":"2023-08-14T20:42:59","modified_gmt":"2023-08-14T18:42:59","slug":"religi%c3%b8se-symboler-i-klassevaerelser-er-tilladt","status":"publish","type":"post","link":"https:\/\/df-nyt.dk\/blog\/religi%c3%b8se-symboler-i-klassevaerelser-er-tilladt\/","title":{"rendered":"Religi\u00f8se symboler i klassev\u00e6relser er tilladt"},"content":{"rendered":"<p><img loading=\"lazy\" decoding=\"async\" class=\"alignleft size-full \" title=\"180320111649\" src=\"https:\/\/df-nyt.dk\/blog\/wp-content\/uploads\/180320111649.png\" alt=\"\" width=\"284\" height=\"263\" \/><br \/>\nReligi\u00f8se symboler i klassev\u00e6relser er tilladt<\/p>\n<p>Det har den Europ\u00e6iske Menneskerettighedsdomstol afgjort<\/p>\n<p>Domstolen tillader krucifikser i klassev\u00e6relserne<br \/>\nKrucifikser i skoler kr\u00e6nker ikke de grundl\u00e6ggende rettigheder.<\/p>\n<p>Det blev besluttet af den Europ\u00e6iske Menneskerettighedsdomstol i Strasbourg.<\/p>\n<p>Dommen kan ikke appeleres.<br \/>\nKrucifikser i italienske klassev\u00e6relser er stadig tilladt.<\/p>\n<p>Den siste ankeinstands ved Den Europ\u00e6iske Menneskerettighedsdomstol i Strasbourg, underkendte den f\u00f8rste dom i november 2009. som var imod kors i offentlige skoler i Italien.<\/p>\n<p>Beslutningen om at tillade krucifikser i klassev\u00e6relserne hviler p\u00e5 et sk\u00f8n af \u00a0Menneskerettighedsdomstolen og et sk\u00f8n af Europar\u00e5dets relevante medlemsstater.<\/p>\n<p>I sp\u00f8rgsm\u00e5let om tilstedev\u00e6relsen af religi\u00f8se symboler i offentlige skoler, er der ingen fortilf\u00e6lde, dommen i Strasbourg er principiel.<\/p>\n<p>Allerede i juni 2010, blev der afholdt en h\u00f8ring i Storkammeret hos Den Europ\u00e6iske Menneskerettighedsdomstol.<\/p>\n<p>Beslutningen blev vedtaget med 15 stemmer for, og 2 imod.<\/p>\n<p>Skriver <a href=\"http:\/\/welt.de\/politik\/ausland\/article12878551\/Gerichtshof-erlaubt-Kruzifixe-in-Klassenzimmern.html\" target=\"_blank\" rel=\"noopener\"><span style=\"text-decoration: underline;\">WELT ONLINE<\/span><\/a><br \/>\n&nbsp;<\/p>\n","protected":false},"excerpt":{"rendered":"<p>Religi\u00f8se symboler i klassev\u00e6relser er tilladt Det har den Europ\u00e6iske Menneskerettighedsdomstol afgjort Domstolen tillader krucifikser i klassev\u00e6relserne Krucifikser i skoler kr\u00e6nker ikke de grundl\u00e6ggende rettigheder. Det blev besluttet af den Europ\u00e6iske Menneskerettighedsdomstol i Strasbourg. Dommen kan ikke appeleres. Krucifikser i italienske klassev\u00e6relser er stadig tilladt. Den siste ankeinstands ved Den Europ\u00e6iske Menneskerettighedsdomstol i Strasbourg, underkendte [&hellip;]<\/p>\n","protected":false},"author":10,"featured_media":0,"comment_status":"open","ping_status":"closed","sticky":false,"template":"","format":"standard","meta":{"footnotes":""},"categories":[1],"tags":[],"class_list":["post-18229","post","type-post","status-publish","format-standard","hentry","category-df-nyt-dk"],"_links":{"self":[{"href":"https:\/\/df-nyt.dk\/blog\/wp-json\/wp\/v2\/posts\/18229","targetHints":{"allow":["GET"]}}],"collection":[{"href":"https:\/\/df-nyt.dk\/blog\/wp-json\/wp\/v2\/posts"}],"about":[{"href":"https:\/\/df-nyt.dk\/blog\/wp-json\/wp\/v2\/types\/post"}],"author":[{"embeddable":true,"href":"https:\/\/df-nyt.dk\/blog\/wp-json\/wp\/v2\/users\/10"}],"replies":[{"embeddable":true,"href":"https:\/\/df-nyt.dk\/blog\/wp-json\/wp\/v2\/comments?post=18229"}],"version-history":[{"count":3,"href":"https:\/\/df-nyt.dk\/blog\/wp-json\/wp\/v2\/posts\/18229\/revisions"}],"predecessor-version":[{"id":100926,"href":"https:\/\/df-nyt.dk\/blog\/wp-json\/wp\/v2\/posts\/18229\/revisions\/100926"}],"wp:attachment":[{"href":"https:\/\/df-nyt.dk\/blog\/wp-json\/wp\/v2\/media?parent=18229"}],"wp:term":[{"taxonomy":"category","embeddable":true,"href":"https:\/\/df-nyt.dk\/blog\/wp-json\/wp\/v2\/categories?post=18229"},{"taxonomy":"post_tag","embeddable":true,"href":"https:\/\/df-nyt.dk\/blog\/wp-json\/wp\/v2\/tags?post=18229"}],"curies":[{"name":"wp","href":"https:\/\/api.w.org\/{rel}","templated":true}]}}