{"id":18308,"date":"2011-03-20T16:51:44","date_gmt":"2011-03-20T15:51:44","guid":{"rendered":"http:\/\/df-nyt.dk\/?p=18308"},"modified":"2025-09-14T08:20:23","modified_gmt":"2025-09-14T06:20:23","slug":"de-kom-igen-svendborgenserne","status":"publish","type":"post","link":"https:\/\/df-nyt.dk\/blog\/de-kom-igen-svendborgenserne\/","title":{"rendered":"De kom igen, svendborgenserne"},"content":{"rendered":"<p><img loading=\"lazy\" decoding=\"async\" class=\"alignleft size-full \" title=\"200320111650\" src=\"https:\/\/df-nyt.dk\/blog\/wp-content\/uploads\/200320111650.png\" alt=\"\" width=\"280\" height=\"199\" \/><\/p>\n<p>En halv time for anst\u00e6ndighed<br \/>\nDe kom igen, svendborgenserne \u2013 for en halv time til anst\u00e6ndigheden.<\/p>\n<p>En halv times stille protest mod Svendborg Kommunes og Jobcenters behandling af syge borgere.<\/p>\n<p>Et halvt hundrede mennesker samledes ved halv tolv-tiden l\u00f8rdag, p\u00e5 pladsen foran Hotel Svendborg.<\/p>\n<p>Folk, som selv k\u00e6mper med kommunen, folk, som har gjort det, folk, som bare er vrede over den m\u00e5de, kommunen behandler folk p\u00e5.<\/p>\n<p>Mennesker som oplever at blive sl\u00e6bt igennem meningsl\u00f8se \u2013 og nogle gange forkerte \u2013 arbejdspr\u00f8vninger, som oplever at deres sager tr\u00e6kkes og tr\u00e6kkes &#8230;<\/p>\n<p>Budskabet om den stille protest hver l\u00f8rdag p\u00e5 Centrumplads er ved at blive spredt og n\u00e5 omkring.<\/p>\n<p>L\u00f8rdag var Svendborgs NetAvis heller ikke det eneste medie, der var til stede for at d\u00e6kke borgerprotesten.<\/p>\n<p>Der var ogs\u00e5 Fyns Amts Avis og TV 2\/Fyn &#8211; skriver Frede Jakobsen p\u00e5 Svendborg NetAvis.<br \/>\n\/\/www.svendborgsnetavis.dk\/svendborgensere-i-endnu-en-stille-protest\/&#8221;<br \/>\n\/\/www.svendborgsnetavis.dk\/svendborgensere-i-endnu-en-stille-protest\/&#8221;<\/p>\n<p>For yderlig l\u00e6sning.<\/p>\n<p><a href=\"http:\/\/df-nyt.dk\/?p=12495\" target=\"_blank\" rel=\"noopener\"><span style=\"text-decoration: underline;\">Firma med flere kasketter hyret af Jobcenter<\/span><\/a><br \/>\n&nbsp;<br \/>\n<a href=\"http:\/\/df-nyt.dk\/?p=6898\" target=\"_blank\" rel=\"noopener\"><span style=\"text-decoration: underline;\">Flere arbejdsl\u00f8se m\u00e6nd end kvinder<\/span><\/a><br \/>\n&nbsp;<\/p>\n","protected":false},"excerpt":{"rendered":"<p>En halv time for anst\u00e6ndighed De kom igen, svendborgenserne \u2013 for en halv time til anst\u00e6ndigheden. En halv times stille protest mod Svendborg Kommunes og Jobcenters behandling af syge borgere. Et halvt hundrede mennesker samledes ved halv tolv-tiden l\u00f8rdag, p\u00e5 pladsen foran Hotel Svendborg. Folk, som selv k\u00e6mper med kommunen, folk, som har gjort det, [&hellip;]<\/p>\n","protected":false},"author":10,"featured_media":0,"comment_status":"open","ping_status":"closed","sticky":false,"template":"","format":"standard","meta":{"footnotes":""},"categories":[1],"tags":[],"class_list":["post-18308","post","type-post","status-publish","format-standard","hentry","category-df-nyt-dk"],"_links":{"self":[{"href":"https:\/\/df-nyt.dk\/blog\/wp-json\/wp\/v2\/posts\/18308","targetHints":{"allow":["GET"]}}],"collection":[{"href":"https:\/\/df-nyt.dk\/blog\/wp-json\/wp\/v2\/posts"}],"about":[{"href":"https:\/\/df-nyt.dk\/blog\/wp-json\/wp\/v2\/types\/post"}],"author":[{"embeddable":true,"href":"https:\/\/df-nyt.dk\/blog\/wp-json\/wp\/v2\/users\/10"}],"replies":[{"embeddable":true,"href":"https:\/\/df-nyt.dk\/blog\/wp-json\/wp\/v2\/comments?post=18308"}],"version-history":[{"count":2,"href":"https:\/\/df-nyt.dk\/blog\/wp-json\/wp\/v2\/posts\/18308\/revisions"}],"predecessor-version":[{"id":109910,"href":"https:\/\/df-nyt.dk\/blog\/wp-json\/wp\/v2\/posts\/18308\/revisions\/109910"}],"wp:attachment":[{"href":"https:\/\/df-nyt.dk\/blog\/wp-json\/wp\/v2\/media?parent=18308"}],"wp:term":[{"taxonomy":"category","embeddable":true,"href":"https:\/\/df-nyt.dk\/blog\/wp-json\/wp\/v2\/categories?post=18308"},{"taxonomy":"post_tag","embeddable":true,"href":"https:\/\/df-nyt.dk\/blog\/wp-json\/wp\/v2\/tags?post=18308"}],"curies":[{"name":"wp","href":"https:\/\/api.w.org\/{rel}","templated":true}]}}