{"id":18339,"date":"2011-03-21T13:43:59","date_gmt":"2011-03-21T12:43:59","guid":{"rendered":"http:\/\/df-nyt.dk\/?p=18339"},"modified":"2025-07-06T22:25:36","modified_gmt":"2025-07-06T20:25:36","slug":"marokkanerne-pa-gaderne-i-protestdemostration-for-demokrati-menneskerettigheder-og-social-retfaerdighed","status":"publish","type":"post","link":"https:\/\/df-nyt.dk\/blog\/marokkanerne-pa-gaderne-i-protestdemostration-for-demokrati-menneskerettigheder-og-social-retfaerdighed\/","title":{"rendered":"Marokkanerne p\u00e5 gaderne i protestdemostration for demokrati, menneskerettigheder og social retf\u00e6rdighed"},"content":{"rendered":"<p><img loading=\"lazy\" decoding=\"async\" class=\"alignleft size-full \" title=\"210320111341\" src=\"https:\/\/df-nyt.dk\/blog\/wp-content\/uploads\/210320111341.png\" alt=\"\" width=\"242\" height=\"229\" \/> Marokkanerne p\u00e5 gaderne i protestdemonstration for demokrati, menneskerettigheder og social retf\u00e6rdighed. Tusindvis af marokkanerne protesterede s\u00f8ndag i Rabat og Casablanca i s\u00e6rdeleshed.<\/p>\n<p>Tusindvis af marokkanerne protesterede s\u00f8ndag i Rabat og Casablanca i s\u00e6rdeleshed, de\u00a0 kr\u00e6vede mere demokrati og social retf\u00e6rdighed, p\u00e5 trods af en nylige meddelelse af kong Mohammed VI. som lovede radikale politiske reformer.<\/p>\n<p>&#8220;Den marokkanske folk kr\u00e6ve forandringer,&#8221; r\u00e5bte demonstranter i Rabat s\u00f8ndag formiddag ved at p\u00e5ber\u00e5be sig &#8220;regeringens afgang,&#8221; mens bannere proklamerede &#8220;frihed og v\u00e6rdighed for den marokkanske folk.&#8221;<\/p>\n<p>&#8220;Nej til korruption og nepotisme,&#8221; mere 10.000 mennesker var p\u00e5 gaden i Casablanca, siger en AFP journalist.<\/p>\n<p>Marcher og demonstrationer ogs\u00e5 var planlagt i andre marokkanske byer, af en gruppe som kalder sig, &#8220;bev\u00e6gelsen af 20. februar&#8221;, &#8211; unge marokkanere som har kontakt med hinanden p\u00e5 det sociale netv\u00e6rk Facebook.<\/p>\n<p>Der var ingen rapporter om h\u00e6ndelser i slutningen af morgenen og politiet tilstedev\u00e6relse var diskret i Rabat og Casablanca.<\/p>\n<p>Opfordringen til protest er st\u00f8ttet af ungdomsorganisation for Retf\u00e6rdighed og Barmhjertighed Association, som betragtes som den vigtigste islamistiske bev\u00e6gelse i Marokko, og flere foreninger og ngo&#8217;er, som den marokkanske Association for Human Rights (Mahr) .<\/p>\n<p>Den marokkanske konge har bebudet en r\u00e6kke vigtige foranstaltninger: oprettelse af en kommission til revision af forfatningen, domstolenes uafh\u00e6ngighed, adskillelse af bef\u00f8jelser og styrkelse bef\u00f8jelser premierminister, tilsyneladende indleder man en tiln\u00e6rmelse i retning af et parlamentarisk monarki.<\/p>\n<p>De protesterende, \u00f8nskede imidlertid at opretholde presset.<\/p>\n<p>&#8220;Vi \u00f8nsker at opretholde presset for reformer, for menneskerettigheder, sociale og politiske rettigheder,&#8221; siger Rabat Settik Lahrach af NGO, Forum for Retf\u00e6rdighed og Sandhed.<\/p>\n<p>&#8220;Vi \u00f8nsker en demokratisk forfatning (&#8230;) , retten til uddannelse, gratis sundhedsv\u00e6sen og et v\u00e6rdigt liv,&#8221; sagde Abdelhamid Amine af AMDH. Skriver L&#8217;Humanit\u00e9<br \/>\n\/\/www.humanite.fr:80\/20_03_2011-maroc-manifestations-pour-des-changements-et-la-justice-sociale-467912&#8243;<\/p>\n<p>For yderlig l\u00e6sning.<\/p>\n<p><a href=\"http:\/\/df-nyt.dk\/?p=9788\"><span style=\"text-decoration: underline;\">203 gange har den Europ\u00e6iske menneskerettighedsdomstol grebet ind<\/span><\/a><br \/>\n&nbsp;<\/p>\n","protected":false},"excerpt":{"rendered":"<p>Marokkanerne p\u00e5 gaderne i protestdemonstration for demokrati, menneskerettigheder og social retf\u00e6rdighed. Tusindvis af marokkanerne protesterede s\u00f8ndag i Rabat og Casablanca i s\u00e6rdeleshed. Tusindvis af marokkanerne protesterede s\u00f8ndag i Rabat og Casablanca i s\u00e6rdeleshed, de\u00a0 kr\u00e6vede mere demokrati og social retf\u00e6rdighed, p\u00e5 trods af en nylige meddelelse af kong Mohammed VI. som lovede radikale politiske reformer. [&hellip;]<\/p>\n","protected":false},"author":10,"featured_media":0,"comment_status":"open","ping_status":"closed","sticky":false,"template":"","format":"standard","meta":{"footnotes":""},"categories":[1],"tags":[],"class_list":["post-18339","post","type-post","status-publish","format-standard","hentry","category-df-nyt-dk"],"_links":{"self":[{"href":"https:\/\/df-nyt.dk\/blog\/wp-json\/wp\/v2\/posts\/18339","targetHints":{"allow":["GET"]}}],"collection":[{"href":"https:\/\/df-nyt.dk\/blog\/wp-json\/wp\/v2\/posts"}],"about":[{"href":"https:\/\/df-nyt.dk\/blog\/wp-json\/wp\/v2\/types\/post"}],"author":[{"embeddable":true,"href":"https:\/\/df-nyt.dk\/blog\/wp-json\/wp\/v2\/users\/10"}],"replies":[{"embeddable":true,"href":"https:\/\/df-nyt.dk\/blog\/wp-json\/wp\/v2\/comments?post=18339"}],"version-history":[{"count":4,"href":"https:\/\/df-nyt.dk\/blog\/wp-json\/wp\/v2\/posts\/18339\/revisions"}],"predecessor-version":[{"id":108678,"href":"https:\/\/df-nyt.dk\/blog\/wp-json\/wp\/v2\/posts\/18339\/revisions\/108678"}],"wp:attachment":[{"href":"https:\/\/df-nyt.dk\/blog\/wp-json\/wp\/v2\/media?parent=18339"}],"wp:term":[{"taxonomy":"category","embeddable":true,"href":"https:\/\/df-nyt.dk\/blog\/wp-json\/wp\/v2\/categories?post=18339"},{"taxonomy":"post_tag","embeddable":true,"href":"https:\/\/df-nyt.dk\/blog\/wp-json\/wp\/v2\/tags?post=18339"}],"curies":[{"name":"wp","href":"https:\/\/api.w.org\/{rel}","templated":true}]}}