{"id":18398,"date":"2011-03-22T12:38:20","date_gmt":"2011-03-22T11:38:20","guid":{"rendered":"http:\/\/df-nyt.dk\/?p=18398"},"modified":"2025-09-14T09:58:40","modified_gmt":"2025-09-14T07:58:40","slug":"jobcenter-cikanen-fortsaetter","status":"publish","type":"post","link":"https:\/\/df-nyt.dk\/blog\/jobcenter-cikanen-fortsaetter\/","title":{"rendered":"Jobcenter-cikanen forts\u00e6tter"},"content":{"rendered":"<p><img loading=\"lazy\" decoding=\"async\" class=\"alignleft size-full \" title=\"220320111233\" src=\"https:\/\/df-nyt.dk\/blog\/wp-content\/uploads\/220320111233.png\" alt=\"\" width=\"317\" height=\"170\" \/><\/p>\n<p>Jobcenter-cikanen forts\u00e6tter<\/p>\n<p>Det sker igen og igen i Svendborg Kommune.<\/p>\n<p>Kilde:\u00a0<a href=\"http:\/\/df-nyt.dk\/jobcenter-cikanen-fortsaetter\/\" target=\"_blank\" rel=\"noopener\"><span style=\"text-decoration: underline;\">Svendborg NetAvis<\/span><\/a><\/p>\n<p>L\u00e6geerkl\u00e6ringer og speciall\u00e6geerkl\u00e6ringer underkendes, &#8211; n\u00e5r en syg svendborgenser skal have sin sag afgjort.<\/p>\n<p>Af Jobcentret selv eller af kommunens pensionsudvalg eller Jobcentrets fleksjobudvalg, som l\u00e6ner sig op af en ekstern l\u00e6gekonsulent, f.eks. <span style=\"text-decoration: underline;\"><a href=\"http:\/\/df-nyt.dk\/?p=14005\">Vibeke Manniche.<\/a><\/span><\/p>\n<p>Det er en praksis, som Svendborg-l\u00e6gernes formand, Frederik Kallan, skarpt har kritiseret.<\/p>\n<p>Ogs\u00e5 speciall\u00e6gerne er godt tr\u00e6tte af denne praksis, som ikke kun foreg\u00e5r i Svendborg.<\/p>\n<p>If\u00f8lge Fagbladet 3F oplever hver anden speciall\u00e6ge, at kommuner underkender deres erkl\u00e6ringer.<\/p>\n<p>Det siger seks ud af 12 speciall\u00e6ger, som bladet har talt med.<\/p>\n<p>If\u00f8lge Fagbladet har flere af speciall\u00e6gerne oplevet at blive opfattet som subjektive og at blive beskyldt for at tage patientens parti, n\u00e5r en kommune skal afg\u00f8re, om en sygemeldt borger kan arbejde eller arbejdspr\u00f8ves.<\/p>\n<p>Enkelte oplever if\u00f8lge Fagbladet 3F ogs\u00e5, at der bliver manipuleret med deres erkl\u00e6ringer.<\/p>\n<p>Formanden for de praktiserende speciall\u00e6ger, Niels Siebuhr, siger til Fagbladet, at han ogs\u00e5 har oplevet, at kommuner manipulerer med hans speciall\u00e6geerkl\u00e6ringer:<\/p>\n<p>\u201dNoget bliver \u00e6ndret eller udeladt.<\/p>\n<p>Det er meget uheldigt, for det giver et misvisende billede af patientens tilstand\u201d, siger han.<\/p>\n<p>Psykolog Merete Gudmand-H\u00f8yer har ofte oplevet, at hendes professionelle vurdering ikke respekteres af kommunerne.<\/p>\n<p>Hun har ogs\u00e5 oplevet, at s\u00e6tninger fjernes fra hendes erkl\u00e6ringer, s\u00e5 betydningen \u00e6ndres \u2013 til skade for borgeren.<\/p>\n<p>\u201dDet er frustrerende at opleve som fagperson og ogs\u00e5 oftest skadeligt for den sygemeldte.<\/p>\n<p>Jeg frygter tanken om selv at blive syg.<br \/>\nFor jeg ved, hvad der venter mig\u201d, siger hun til Fagbladet.<\/p>\n<p>Skriver Frede Jakobsen p\u00e5 Svendborg NetAvis<br \/>\n\/\/www.svendborgsnetavis.dk\/svendborg-modellen-bruges-i-andre-kommuner\/&#8221;<br \/>\n\/\/www.svendborgsnetavis.dk\/svendborg-modellen-bruges-i-andre-kommuner\/&#8221;<br \/>\nFor yderlig l\u00e6sning.<\/p>\n<p><a href=\"http:\/\/df-nyt.dk\/?p=12495\"><span style=\"text-decoration: underline;\">Firma med flere kasketter hyret af Jobcenter<\/span><\/a><br \/>\n&nbsp;<br \/>\n<a href=\"http:\/\/df-nyt.dk\/?p=18308\"><span style=\"text-decoration: underline;\">De kom igen, svendborgenserne &#8211; En halv time for anst\u00e6ndighed<\/span><\/a><br \/>\n&nbsp;<\/p>\n","protected":false},"excerpt":{"rendered":"<p>Jobcenter-cikanen forts\u00e6tter Det sker igen og igen i Svendborg Kommune. Kilde:\u00a0Svendborg NetAvis L\u00e6geerkl\u00e6ringer og speciall\u00e6geerkl\u00e6ringer underkendes, &#8211; n\u00e5r en syg svendborgenser skal have sin sag afgjort. Af Jobcentret selv eller af kommunens pensionsudvalg eller Jobcentrets fleksjobudvalg, som l\u00e6ner sig op af en ekstern l\u00e6gekonsulent, f.eks. Vibeke Manniche. Det er en praksis, som Svendborg-l\u00e6gernes formand, Frederik [&hellip;]<\/p>\n","protected":false},"author":10,"featured_media":0,"comment_status":"open","ping_status":"closed","sticky":false,"template":"","format":"standard","meta":{"footnotes":""},"categories":[1],"tags":[],"class_list":["post-18398","post","type-post","status-publish","format-standard","hentry","category-df-nyt-dk"],"_links":{"self":[{"href":"https:\/\/df-nyt.dk\/blog\/wp-json\/wp\/v2\/posts\/18398","targetHints":{"allow":["GET"]}}],"collection":[{"href":"https:\/\/df-nyt.dk\/blog\/wp-json\/wp\/v2\/posts"}],"about":[{"href":"https:\/\/df-nyt.dk\/blog\/wp-json\/wp\/v2\/types\/post"}],"author":[{"embeddable":true,"href":"https:\/\/df-nyt.dk\/blog\/wp-json\/wp\/v2\/users\/10"}],"replies":[{"embeddable":true,"href":"https:\/\/df-nyt.dk\/blog\/wp-json\/wp\/v2\/comments?post=18398"}],"version-history":[{"count":3,"href":"https:\/\/df-nyt.dk\/blog\/wp-json\/wp\/v2\/posts\/18398\/revisions"}],"predecessor-version":[{"id":109936,"href":"https:\/\/df-nyt.dk\/blog\/wp-json\/wp\/v2\/posts\/18398\/revisions\/109936"}],"wp:attachment":[{"href":"https:\/\/df-nyt.dk\/blog\/wp-json\/wp\/v2\/media?parent=18398"}],"wp:term":[{"taxonomy":"category","embeddable":true,"href":"https:\/\/df-nyt.dk\/blog\/wp-json\/wp\/v2\/categories?post=18398"},{"taxonomy":"post_tag","embeddable":true,"href":"https:\/\/df-nyt.dk\/blog\/wp-json\/wp\/v2\/tags?post=18398"}],"curies":[{"name":"wp","href":"https:\/\/api.w.org\/{rel}","templated":true}]}}